{"id":30215,"date":"2020-10-29T20:03:03","date_gmt":"2020-10-29T23:03:03","guid":{"rendered":"http:\/\/www.almargenweb.com.ar\/web\/?p=30215"},"modified":"2020-10-29T20:38:20","modified_gmt":"2020-10-29T23:38:20","slug":"grutly-avanza-una-nueva-etapa-del-programa-demanda-global","status":"publish","type":"post","link":"https:\/\/www.almargenweb.com.ar\/web\/grutly-avanza-una-nueva-etapa-del-programa-demanda-global\/","title":{"rendered":"Grutly; avanza una nueva etapa del programa \u201cDemanda Global\u201d."},"content":{"rendered":"\n<p>Esta seman se continua avanzando en una nueva etapa de la obra de construccion de las cinco viviendas del programna \u201cdemanda global\u201d en Grutly.<\/p>\n\n\n\n<p>Jorge Nicollier, intendente de la localidad, sostuvo que se sigue avanzando en la construcci\u00f3n de las cinco viviendas del Programa. Agrego que esta \u201cdirigido a satisfacer una demanda habitacional, cada vez mayor y que no puede ingresar a los programas financiados por el organismo\u201d.<\/p>\n\n\n\n<p>A los efectos de la ejecucion de las viviendas, la D.P.V. facilitara un aporte financiero cubriendo el valor de los materiales y la conducci\u00f3n t\u00e9cnica.<\/p>\n\n\n\n<figure class=\"wp-block-image size-large is-resized\"><img loading=\"lazy\" decoding=\"async\" src=\"https:\/\/www.almargenweb.com.ar\/web\/wp-content\/uploads\/2020\/10\/SM-obras-privadas-040520.jpg\" alt=\"\" class=\"wp-image-30217\" width=\"553\" height=\"368\" srcset=\"https:\/\/www.almargenweb.com.ar\/web\/wp-content\/uploads\/2020\/10\/SM-obras-privadas-040520.jpg 512w, https:\/\/www.almargenweb.com.ar\/web\/wp-content\/uploads\/2020\/10\/SM-obras-privadas-040520-300x200.jpg 300w\" sizes=\"auto, (max-width: 553px) 100vw, 553px\" \/><figcaption>La comuna de Grutly aport\u00f3 el terreno y corre con la administraci\u00f3n de la obra.<\/figcaption><\/figure>\n\n\n\n<p>Respecto a esto, Nicollier explico que  \u201cla comuna aportara el terreno, la administraci\u00f3n de la obra y deber\u00e1 disponer del fondo de Copoarticipaci\u00f3n de impuestos como garant\u00eda de los montos otorgados durante la construcci\u00f3n, como as\u00ed tambi\u00e9n, en el periodo de devoluci\u00f3n de las cuotas del pr\u00e9stamo solicitado&#8221;.<\/p>\n\n\n\n<p>La ejecuci\u00f3n de obra sera mediante el sistema de Ayuda Mutua y Esfuerzo Propio, conducido por la comuna.<\/p>\n<!-- AddThis Advanced Settings generic via filter on the_content --><!-- AddThis Share Buttons generic via filter on the_content -->","protected":false},"excerpt":{"rendered":"<p>Esta seman se continua avanzando en una nueva etapa de la obra de construccion de las [&hellip;]<!-- AddThis Advanced Settings generic via filter on get_the_excerpt --><!-- AddThis Share Buttons generic via filter on get_the_excerpt --><\/p>\n","protected":false},"author":16,"featured_media":30216,"comment_status":"open","ping_status":"open","sticky":false,"template":"","format":"standard","meta":{"_seopress_robots_primary_cat":"","_seopress_titles_title":"","_seopress_titles_desc":"","_seopress_robots_index":"","_themeisle_gutenberg_block_has_review":false,"footnotes":""},"categories":[2,20,24],"tags":[456,572,402],"class_list":["post-30215","post","type-post","status-publish","format-standard","has-post-thumbnail","hentry","category-actualidad","category-departamentales","category-obras-publicas","tag-departamentales","tag-grutly-2","tag-lascolonias-2"],"_links":{"self":[{"href":"https:\/\/www.almargenweb.com.ar\/web\/wp-json\/wp\/v2\/posts\/30215","targetHints":{"allow":["GET"]}}],"collection":[{"href":"https:\/\/www.almargenweb.com.ar\/web\/wp-json\/wp\/v2\/posts"}],"about":[{"href":"https:\/\/www.almargenweb.com.ar\/web\/wp-json\/wp\/v2\/types\/post"}],"author":[{"embeddable":true,"href":"https:\/\/www.almargenweb.com.ar\/web\/wp-json\/wp\/v2\/users\/16"}],"replies":[{"embeddable":true,"href":"https:\/\/www.almargenweb.com.ar\/web\/wp-json\/wp\/v2\/comments?post=30215"}],"version-history":[{"count":3,"href":"https:\/\/www.almargenweb.com.ar\/web\/wp-json\/wp\/v2\/posts\/30215\/revisions"}],"predecessor-version":[{"id":30220,"href":"https:\/\/www.almargenweb.com.ar\/web\/wp-json\/wp\/v2\/posts\/30215\/revisions\/30220"}],"wp:featuredmedia":[{"embeddable":true,"href":"https:\/\/www.almargenweb.com.ar\/web\/wp-json\/wp\/v2\/media\/30216"}],"wp:attachment":[{"href":"https:\/\/www.almargenweb.com.ar\/web\/wp-json\/wp\/v2\/media?parent=30215"}],"wp:term":[{"taxonomy":"category","embeddable":true,"href":"https:\/\/www.almargenweb.com.ar\/web\/wp-json\/wp\/v2\/categories?post=30215"},{"taxonomy":"post_tag","embeddable":true,"href":"https:\/\/www.almargenweb.com.ar\/web\/wp-json\/wp\/v2\/tags?post=30215"}],"curies":[{"name":"wp","href":"https:\/\/api.w.org\/{rel}","templated":true}]}}