{"id":30171,"date":"2020-10-28T08:52:28","date_gmt":"2020-10-28T11:52:28","guid":{"rendered":"http:\/\/www.almargenweb.com.ar\/web\/?p=30171"},"modified":"2020-10-28T08:52:29","modified_gmt":"2020-10-28T11:52:29","slug":"la-parroquia-inmaculado-corazon-de-maria-tiene-nuevo-parroco","status":"publish","type":"post","link":"https:\/\/www.almargenweb.com.ar\/web\/la-parroquia-inmaculado-corazon-de-maria-tiene-nuevo-parroco\/","title":{"rendered":"La parroquia Inmaculado Coraz\u00f3n de Mar\u00eda tiene nuevo p\u00e1rroco."},"content":{"rendered":"\n<p>El Padre Javier Gonz\u00e1lez Gren\u00f3n fue nombrado nuevo p\u00e1rroco de la flamante parroquia Inmaculado Coraz\u00f3n de Mar\u00eda de Esperanza, por parte del Arzobispo Sergio Fenoy.<\/p>\n\n\n\n<p>Recordemos que hasta estos d\u00edas, la ciudad de Esperanza est\u00e1 dividida en la jurisdicci\u00f3n de tres parroquias con la cabecera en Bas\u00edlica Natividad; Parroquia San Jos\u00e9 y Parroquia Sagrado Coraz\u00f3n de Jes\u00fas.<\/p>\n\n\n\n<p>Estructuras parroquiales;<\/p>\n\n\n\n<p>La ciudad tendr\u00e1 cuatro parroquias con sus capillas relacionadas. La Bas\u00edlica Natividad, con el Padre Ernesto Ag\u00fcera como p\u00e1rroco junto a C\u00e9sar Zingerling tienen a su cargo tambi\u00e9n las capillas San Jos\u00e9 Obrero, San Cayetano, San P\u00edo de Pietrelcina y las comunidades de Pujato Norte y Empalme San Carlos.<\/p>\n\n\n\n<p>La Parroquia Sagrado Coraz\u00f3n de Jes\u00fas del barrio Norte cuenta con el p\u00e1rroco Daniel Achkar, quien adem\u00e1s atiende las capillas San Lino de Barrio La Orilla, la comunidad del Colegio del Huerto y la Capilla Mar\u00eda Madre de la Iglesia del Arco de la Colonizaci\u00f3n.<\/p>\n\n\n\n<p>La Parroquia San Jos\u00e9 tiene al Padre Alfredo Mbalanda como p\u00e1rroco, y asiste a la comunidad del colegio, al Convento Cristo Rey y al Convento Santa Catalina.<\/p>\n\n\n\n<figure class=\"wp-block-image size-large\"><img loading=\"lazy\" decoding=\"async\" width=\"800\" height=\"600\" src=\"https:\/\/www.almargenweb.com.ar\/web\/wp-content\/uploads\/2020\/10\/2054-Fiesta-Patronal-Cuasi-Parroquia-Barrio-Sur.jpg\" alt=\"\" class=\"wp-image-30173\" srcset=\"https:\/\/www.almargenweb.com.ar\/web\/wp-content\/uploads\/2020\/10\/2054-Fiesta-Patronal-Cuasi-Parroquia-Barrio-Sur.jpg 800w, https:\/\/www.almargenweb.com.ar\/web\/wp-content\/uploads\/2020\/10\/2054-Fiesta-Patronal-Cuasi-Parroquia-Barrio-Sur-300x225.jpg 300w, https:\/\/www.almargenweb.com.ar\/web\/wp-content\/uploads\/2020\/10\/2054-Fiesta-Patronal-Cuasi-Parroquia-Barrio-Sur-768x576.jpg 768w\" sizes=\"auto, (max-width: 800px) 100vw, 800px\" \/><figcaption>Parroquia Inmaculado Corazon de Maria tendra atencion en las capillas Virgen de fatima y Virgen de guadalupe.<\/figcaption><\/figure>\n\n\n\n<p>Y la nueva Parroquia Inmaculado Coraz\u00f3n de Mar\u00eda, a cargo del Padre Javier Gonz\u00e1lez Gren\u00f3n, tendr\u00e1 atenci\u00f3n en las capillas Virgen de F\u00e1tima y Virgen de Guadalupe.<\/p>\n\n\n\n<p>El Arzobispo Sergio Fenoy presidir\u00e1 una ceremonia religiosa que consagrar\u00e1 a la actual cuasi parroquia en parroquia.<\/p>\n<!-- AddThis Advanced Settings generic via filter on the_content --><!-- AddThis Share Buttons generic via filter on the_content -->","protected":false},"excerpt":{"rendered":"<p>El Padre Javier Gonz\u00e1lez Gren\u00f3n fue nombrado nuevo p\u00e1rroco de la flamante parroquia Inmaculado Coraz\u00f3n de [&hellip;]<!-- AddThis Advanced Settings generic via filter on get_the_excerpt --><!-- AddThis Share Buttons generic via filter on get_the_excerpt --><\/p>\n","protected":false},"author":16,"featured_media":30172,"comment_status":"open","ping_status":"open","sticky":false,"template":"","format":"standard","meta":{"_seopress_robots_primary_cat":"","_seopress_titles_title":"","_seopress_titles_desc":"","_seopress_robots_index":"","_themeisle_gutenberg_block_has_review":false,"footnotes":""},"categories":[2,21,47],"tags":[],"class_list":["post-30171","post","type-post","status-publish","format-standard","has-post-thumbnail","hentry","category-actualidad","category-las-colonias","category-locales"],"_links":{"self":[{"href":"https:\/\/www.almargenweb.com.ar\/web\/wp-json\/wp\/v2\/posts\/30171","targetHints":{"allow":["GET"]}}],"collection":[{"href":"https:\/\/www.almargenweb.com.ar\/web\/wp-json\/wp\/v2\/posts"}],"about":[{"href":"https:\/\/www.almargenweb.com.ar\/web\/wp-json\/wp\/v2\/types\/post"}],"author":[{"embeddable":true,"href":"https:\/\/www.almargenweb.com.ar\/web\/wp-json\/wp\/v2\/users\/16"}],"replies":[{"embeddable":true,"href":"https:\/\/www.almargenweb.com.ar\/web\/wp-json\/wp\/v2\/comments?post=30171"}],"version-history":[{"count":1,"href":"https:\/\/www.almargenweb.com.ar\/web\/wp-json\/wp\/v2\/posts\/30171\/revisions"}],"predecessor-version":[{"id":30174,"href":"https:\/\/www.almargenweb.com.ar\/web\/wp-json\/wp\/v2\/posts\/30171\/revisions\/30174"}],"wp:featuredmedia":[{"embeddable":true,"href":"https:\/\/www.almargenweb.com.ar\/web\/wp-json\/wp\/v2\/media\/30172"}],"wp:attachment":[{"href":"https:\/\/www.almargenweb.com.ar\/web\/wp-json\/wp\/v2\/media?parent=30171"}],"wp:term":[{"taxonomy":"category","embeddable":true,"href":"https:\/\/www.almargenweb.com.ar\/web\/wp-json\/wp\/v2\/categories?post=30171"},{"taxonomy":"post_tag","embeddable":true,"href":"https:\/\/www.almargenweb.com.ar\/web\/wp-json\/wp\/v2\/tags?post=30171"}],"curies":[{"name":"wp","href":"https:\/\/api.w.org\/{rel}","templated":true}]}}