{"id":30158,"date":"2020-10-27T15:22:24","date_gmt":"2020-10-27T18:22:24","guid":{"rendered":"http:\/\/www.almargenweb.com.ar\/web\/?p=30158"},"modified":"2020-10-27T15:22:25","modified_gmt":"2020-10-27T18:22:25","slug":"caronda-tendra-su-fiesta-de-la-frutilla-de-manera-virtual","status":"publish","type":"post","link":"https:\/\/www.almargenweb.com.ar\/web\/caronda-tendra-su-fiesta-de-la-frutilla-de-manera-virtual\/","title":{"rendered":"Caronda tendr\u00e1 su fiesta de la frutilla, de manera virtual."},"content":{"rendered":"\n<p>La cotidianidad y lo que antes se entend\u00eda como normal, fue cambiado radicalmente a partir de la pandemia covid-19. En este sentido, muchas actividades caracter\u00edsticas de pueblos y ciudades fueron canceladas o en el mejor de los casos, tuvieron que adoptar nuevas modalidades de conmemoraci\u00f3n para darle continuidad a la tradici\u00f3n y al mismo tiempo, brindar seguridad en tiempos de confinamiento y cuidados de salud.<\/p>\n\n\n\n<p>La forma que se encontr\u00f3, hasta ahora la \u00fanica que cumple con esos requisitos, en la \u201cvirtualidad\u201d de los eventos, v\u00eda steaming.<\/p>\n\n\n\n<p>Coronda, con la \u201cFiesta de la Frutilla\u201d se une a una lista ya conocida por todos, de conmemoraciones patronales, fiestas culturales y celebraciones tradicionales; transmisi\u00f3n del evento on line.<\/p>\n\n\n\n<figure class=\"wp-block-image size-large\"><img loading=\"lazy\" decoding=\"async\" width=\"640\" height=\"360\" src=\"https:\/\/www.almargenweb.com.ar\/web\/wp-content\/uploads\/2020\/10\/fb_img_1599961271990.jpg\" alt=\"\" class=\"wp-image-30160\" srcset=\"https:\/\/www.almargenweb.com.ar\/web\/wp-content\/uploads\/2020\/10\/fb_img_1599961271990.jpg 640w, https:\/\/www.almargenweb.com.ar\/web\/wp-content\/uploads\/2020\/10\/fb_img_1599961271990-300x169.jpg 300w\" sizes=\"auto, (max-width: 640px) 100vw, 640px\" \/><figcaption>Con barbijo; Camila Quagli actual soberana saliente durante la presentaci\u00f3n del evento.<\/figcaption><\/figure>\n\n\n\n<p>Entre las 28 postulantes a reinas, habr\u00e1 representantes de Pilar, Humboldt, Felicia, Esperanza, Santa Clara, San Jer\u00f3nimo del Sauce y San Carlos Centro.<\/p>\n\n\n\n<p>Los vecinos y p\u00fablico en general, podr\u00e1n votar a su candidata favorita a partir de la descarga de una app en el m\u00f3vil, que les permitir\u00e1 conocer a las postulantes al reinado de la frutilla, en un a\u00f1o tan particular como este 2020.<\/p>\n\n\n\n<p>Si bien la votaci\u00f3n de las postulantes , puede comenzar desde ya, la transmisi\u00f3n del evento sera este 7 de noviembre por canal 5RTV y distintas p\u00e1ginas de Facebook como la Municipalidad de Coronda y la Fiesta de la Frutilla.<\/p>\n<!-- AddThis Advanced Settings generic via filter on the_content --><!-- AddThis Share Buttons generic via filter on the_content -->","protected":false},"excerpt":{"rendered":"<p>La cotidianidad y lo que antes se entend\u00eda como normal, fue cambiado radicalmente a partir de [&hellip;]<!-- AddThis Advanced Settings generic via filter on get_the_excerpt --><!-- AddThis Share Buttons generic via filter on get_the_excerpt --><\/p>\n","protected":false},"author":16,"featured_media":30159,"comment_status":"open","ping_status":"open","sticky":false,"template":"","format":"standard","meta":{"_seopress_robots_primary_cat":"","_seopress_titles_title":"","_seopress_titles_desc":"","_seopress_robots_index":"","_themeisle_gutenberg_block_has_review":false,"footnotes":""},"categories":[2,3,20,28,21],"tags":[],"class_list":["post-30158","post","type-post","status-publish","format-standard","has-post-thumbnail","hentry","category-actualidad","category-cultura","category-departamentales","category-fiestas","category-las-colonias"],"_links":{"self":[{"href":"https:\/\/www.almargenweb.com.ar\/web\/wp-json\/wp\/v2\/posts\/30158","targetHints":{"allow":["GET"]}}],"collection":[{"href":"https:\/\/www.almargenweb.com.ar\/web\/wp-json\/wp\/v2\/posts"}],"about":[{"href":"https:\/\/www.almargenweb.com.ar\/web\/wp-json\/wp\/v2\/types\/post"}],"author":[{"embeddable":true,"href":"https:\/\/www.almargenweb.com.ar\/web\/wp-json\/wp\/v2\/users\/16"}],"replies":[{"embeddable":true,"href":"https:\/\/www.almargenweb.com.ar\/web\/wp-json\/wp\/v2\/comments?post=30158"}],"version-history":[{"count":1,"href":"https:\/\/www.almargenweb.com.ar\/web\/wp-json\/wp\/v2\/posts\/30158\/revisions"}],"predecessor-version":[{"id":30161,"href":"https:\/\/www.almargenweb.com.ar\/web\/wp-json\/wp\/v2\/posts\/30158\/revisions\/30161"}],"wp:featuredmedia":[{"embeddable":true,"href":"https:\/\/www.almargenweb.com.ar\/web\/wp-json\/wp\/v2\/media\/30159"}],"wp:attachment":[{"href":"https:\/\/www.almargenweb.com.ar\/web\/wp-json\/wp\/v2\/media?parent=30158"}],"wp:term":[{"taxonomy":"category","embeddable":true,"href":"https:\/\/www.almargenweb.com.ar\/web\/wp-json\/wp\/v2\/categories?post=30158"},{"taxonomy":"post_tag","embeddable":true,"href":"https:\/\/www.almargenweb.com.ar\/web\/wp-json\/wp\/v2\/tags?post=30158"}],"curies":[{"name":"wp","href":"https:\/\/api.w.org\/{rel}","templated":true}]}}