{"id":30114,"date":"2020-10-24T16:34:13","date_gmt":"2020-10-24T19:34:13","guid":{"rendered":"http:\/\/www.almargenweb.com.ar\/web\/?p=30114"},"modified":"2020-10-24T16:34:14","modified_gmt":"2020-10-24T19:34:14","slug":"piden-informes-al-gobierno-santafesino-por-las-obras-en-los-bajos-submeridionales","status":"publish","type":"post","link":"https:\/\/www.almargenweb.com.ar\/web\/piden-informes-al-gobierno-santafesino-por-las-obras-en-los-bajos-submeridionales\/","title":{"rendered":"Piden informes al gobierno santafesino por las obras en los Bajos Submeridionales"},"content":{"rendered":"\n<p>Organizaciones ambientalistas y legisladores buscan saber si hay estudios de impacto ambiental, en un a\u00f1o marcado por una severa crisis ecol\u00f3gica.<\/p>\n\n\n\n<p>Organizaciones ambientalistas y legisladores provinciales han elevado en los \u00faltimos d\u00edas pedidos de informe al Ejecutivo santafesino para pedir informaci\u00f3n sobre los proyectos de obras h\u00eddricas en los Bajos Submeridionales, una vasta regi\u00f3n que incluye el oeste del departamento General Obligado, los departamentos 9 de Julio y Vera y el norte del departamento San Crist\u00f3bal.<\/p>\n\n\n\n<p>As\u00ed lo hizo la Multisectorial de Humedales de Rosario, que bajo el patrocinio de los abogados Lucas Micheloud y Rafael Colombo present\u00f3 un escrito de Acceso a la Informaci\u00f3n P\u00fablica Ambiental (AIPA) ante el gobernador Omar Perotti.<\/p>\n\n\n\n<figure class=\"wp-block-image size-large\"><img loading=\"lazy\" decoding=\"async\" width=\"678\" height=\"381\" src=\"https:\/\/www.almargenweb.com.ar\/web\/wp-content\/uploads\/2020\/10\/vaca-bebiendo-en-un-campo-inundado-678x381-2.jpg\" alt=\"\" class=\"wp-image-30115\" srcset=\"https:\/\/www.almargenweb.com.ar\/web\/wp-content\/uploads\/2020\/10\/vaca-bebiendo-en-un-campo-inundado-678x381-2.jpg 678w, https:\/\/www.almargenweb.com.ar\/web\/wp-content\/uploads\/2020\/10\/vaca-bebiendo-en-un-campo-inundado-678x381-2-300x169.jpg 300w\" sizes=\"auto, (max-width: 678px) 100vw, 678px\" \/><figcaption>Bajos Submeridionales, una obra h\u00eddrica que afecto a los departamentos San Cristobal,  9 de julio, Gral. Obligado.<\/figcaption><\/figure>\n\n\n\n<p>En su pedido de informaci\u00f3n las organizaciones que conforman la multisectorial resaltan que, al d\u00eda de hoy, las obras proyectadas \u201cno contemplan la realizaci\u00f3n de los correspondientes estudios de impacto ambiental as\u00ed como tampoco el cumplimiento del derecho de participaci\u00f3n en la toma de decisiones ni el derecho de consulta libre, previa e informada de comunidades campesinas e ind\u00edgenas que tienen rango constitucional y convencional\u201d.<\/p>\n\n\n\n<p>Tambi\u00e9n recordaron que se acuerdo a la ley 25.831 de Acceso a la Informaci\u00f3n P\u00fablica Ambiental, el gobernador tiene tiempo para responder hasta el d\u00eda 2 de diciembre, fecha en que vence el plazo de 30 d\u00edas h\u00e1biles.<\/p>\n<!-- AddThis Advanced Settings generic via filter on the_content --><!-- AddThis Share Buttons generic via filter on the_content -->","protected":false},"excerpt":{"rendered":"<p>Organizaciones ambientalistas y legisladores buscan saber si hay estudios de impacto ambiental, en un a\u00f1o marcado [&hellip;]<!-- AddThis Advanced Settings generic via filter on get_the_excerpt --><!-- AddThis Share Buttons generic via filter on get_the_excerpt --><\/p>\n","protected":false},"author":16,"featured_media":30112,"comment_status":"open","ping_status":"open","sticky":false,"template":"","format":"standard","meta":{"_seopress_robots_primary_cat":"","_seopress_titles_title":"","_seopress_titles_desc":"","_seopress_robots_index":"","_themeisle_gutenberg_block_has_review":false,"footnotes":""},"categories":[2,164,20,321],"tags":[530,534,532,533],"class_list":["post-30114","post","type-post","status-publish","format-standard","has-post-thumbnail","hentry","category-actualidad","category-ambiente","category-departamentales","category-san-cristobal","tag-bajossubmeridionales","tag-departamentosancristobal","tag-medioambiente","tag-obrashidricas"],"_links":{"self":[{"href":"https:\/\/www.almargenweb.com.ar\/web\/wp-json\/wp\/v2\/posts\/30114","targetHints":{"allow":["GET"]}}],"collection":[{"href":"https:\/\/www.almargenweb.com.ar\/web\/wp-json\/wp\/v2\/posts"}],"about":[{"href":"https:\/\/www.almargenweb.com.ar\/web\/wp-json\/wp\/v2\/types\/post"}],"author":[{"embeddable":true,"href":"https:\/\/www.almargenweb.com.ar\/web\/wp-json\/wp\/v2\/users\/16"}],"replies":[{"embeddable":true,"href":"https:\/\/www.almargenweb.com.ar\/web\/wp-json\/wp\/v2\/comments?post=30114"}],"version-history":[{"count":1,"href":"https:\/\/www.almargenweb.com.ar\/web\/wp-json\/wp\/v2\/posts\/30114\/revisions"}],"predecessor-version":[{"id":30116,"href":"https:\/\/www.almargenweb.com.ar\/web\/wp-json\/wp\/v2\/posts\/30114\/revisions\/30116"}],"wp:featuredmedia":[{"embeddable":true,"href":"https:\/\/www.almargenweb.com.ar\/web\/wp-json\/wp\/v2\/media\/30112"}],"wp:attachment":[{"href":"https:\/\/www.almargenweb.com.ar\/web\/wp-json\/wp\/v2\/media?parent=30114"}],"wp:term":[{"taxonomy":"category","embeddable":true,"href":"https:\/\/www.almargenweb.com.ar\/web\/wp-json\/wp\/v2\/categories?post=30114"},{"taxonomy":"post_tag","embeddable":true,"href":"https:\/\/www.almargenweb.com.ar\/web\/wp-json\/wp\/v2\/tags?post=30114"}],"curies":[{"name":"wp","href":"https:\/\/api.w.org\/{rel}","templated":true}]}}