{"id":30108,"date":"2020-10-23T17:35:50","date_gmt":"2020-10-23T20:35:50","guid":{"rendered":"http:\/\/www.almargenweb.com.ar\/web\/?p=30108"},"modified":"2020-10-23T17:35:51","modified_gmt":"2020-10-23T20:35:51","slug":"anses-visito-san-carlos-sud-para-asistencia-a-sus-vecinos","status":"publish","type":"post","link":"https:\/\/www.almargenweb.com.ar\/web\/anses-visito-san-carlos-sud-para-asistencia-a-sus-vecinos\/","title":{"rendered":"Anses visit\u00f3 San Carlos Sud para asistencia a sus vecinos."},"content":{"rendered":"\n<p>La Comuna de San Carlos Sud, mediante su representante Arq. Santiago Walker gestion\u00f3 ante las oficinas de ANSES la presencia de la unidad m\u00f3vil en la comunidad.<br>En el transcurso de la semana se abri\u00f3 la inscripci\u00f3n para otorgar turnos a vecinos para que puedan realizar distintas consultas ante el organismo.<\/p>\n\n\n\n<p>Hoy viernes 23 de octubre, la oficina m\u00f3vil estuvo en la localidad, con la intenci\u00f3n de descentralizar los tr\u00e1mites y acercar la ANSES a los vecinos.<\/p>\n\n\n\n<p>Estas acciones permiten generar un despliegue territorial de ANSES, impulsando una relaci\u00f3n directa con la gente, brindando informaci\u00f3n de manera sencilla y dando a conocer los beneficios y prestaciones, as\u00ed como tambi\u00e9n sus posibilidades de acceso a las mismas<\/p>\n\n\n\n<p>(Con informaci\u00f3n de El urbano)<\/p>\n<!-- AddThis Advanced Settings generic via filter on the_content --><!-- AddThis Share Buttons generic via filter on the_content -->","protected":false},"excerpt":{"rendered":"<p>La Comuna de San Carlos Sud, mediante su representante Arq. Santiago Walker gestion\u00f3 ante las oficinas [&hellip;]<!-- AddThis Advanced Settings generic via filter on get_the_excerpt --><!-- AddThis Share Buttons generic via filter on get_the_excerpt --><\/p>\n","protected":false},"author":16,"featured_media":30109,"comment_status":"open","ping_status":"open","sticky":false,"template":"","format":"standard","meta":{"_seopress_robots_primary_cat":"","_seopress_titles_title":"","_seopress_titles_desc":"","_seopress_robots_index":"","_themeisle_gutenberg_block_has_review":false,"footnotes":""},"categories":[2,21,29],"tags":[529,402,528],"class_list":["post-30108","post","type-post","status-publish","format-standard","has-post-thumbnail","hentry","category-actualidad","category-las-colonias","category-regionales","tag-anses-2","tag-lascolonias-2","tag-sancarlossud"],"_links":{"self":[{"href":"https:\/\/www.almargenweb.com.ar\/web\/wp-json\/wp\/v2\/posts\/30108","targetHints":{"allow":["GET"]}}],"collection":[{"href":"https:\/\/www.almargenweb.com.ar\/web\/wp-json\/wp\/v2\/posts"}],"about":[{"href":"https:\/\/www.almargenweb.com.ar\/web\/wp-json\/wp\/v2\/types\/post"}],"author":[{"embeddable":true,"href":"https:\/\/www.almargenweb.com.ar\/web\/wp-json\/wp\/v2\/users\/16"}],"replies":[{"embeddable":true,"href":"https:\/\/www.almargenweb.com.ar\/web\/wp-json\/wp\/v2\/comments?post=30108"}],"version-history":[{"count":1,"href":"https:\/\/www.almargenweb.com.ar\/web\/wp-json\/wp\/v2\/posts\/30108\/revisions"}],"predecessor-version":[{"id":30110,"href":"https:\/\/www.almargenweb.com.ar\/web\/wp-json\/wp\/v2\/posts\/30108\/revisions\/30110"}],"wp:featuredmedia":[{"embeddable":true,"href":"https:\/\/www.almargenweb.com.ar\/web\/wp-json\/wp\/v2\/media\/30109"}],"wp:attachment":[{"href":"https:\/\/www.almargenweb.com.ar\/web\/wp-json\/wp\/v2\/media?parent=30108"}],"wp:term":[{"taxonomy":"category","embeddable":true,"href":"https:\/\/www.almargenweb.com.ar\/web\/wp-json\/wp\/v2\/categories?post=30108"},{"taxonomy":"post_tag","embeddable":true,"href":"https:\/\/www.almargenweb.com.ar\/web\/wp-json\/wp\/v2\/tags?post=30108"}],"curies":[{"name":"wp","href":"https:\/\/api.w.org\/{rel}","templated":true}]}}