{"id":30103,"date":"2020-10-23T13:19:33","date_gmt":"2020-10-23T16:19:33","guid":{"rendered":"http:\/\/www.almargenweb.com.ar\/web\/?p=30103"},"modified":"2020-10-23T13:19:34","modified_gmt":"2020-10-23T16:19:34","slug":"rodrigo-muller-entre-todos-debemos-construir-un-estado-municipal-moderno-y-con-vision-de-futuro","status":"publish","type":"post","link":"https:\/\/www.almargenweb.com.ar\/web\/rodrigo-muller-entre-todos-debemos-construir-un-estado-municipal-moderno-y-con-vision-de-futuro\/","title":{"rendered":"Rodrigo M\u00fcller: \u201cEntre todos debemos construir un Estado municipal moderno y con visi\u00f3n de futuro\u201d"},"content":{"rendered":"\n<p>El concejal de la UCR solicita m\u00e1s transparencia a trav\u00e9s de la implementaci\u00f3n de concursos para el ingreso del personal administrativo y la creaci\u00f3n de un Registro de Profesionales para contratos temporales.<\/p>\n\n\n\n<p>\u201cEsperanza necesita un Estado municipal moderno, \u00e1gil y con visi\u00f3n de futuro. El gobierno de turno administra temporalmente pero el Estado es de todos y por eso, entre todos, tenemos que lograr consensos para transformarlo en pos de una ciudad mejor\u201d, expres\u00f3 M\u00fcller.<\/p>\n\n\n\n<p>\u201cEsperanza tiene mucho potencial en nuestros j\u00f3venes y tenemos que aprovecharlo: \u00bfA qu\u00e9 profesional no le gustar\u00eda trabajar para mejorar su ciudad?. Realizar una obra o proyecto que mejore el d\u00eda a d\u00eda de tus vecinos es una sensaci\u00f3n muy grata. Lamentablemente en Esperanza eso no pasa y muchos j\u00f3venes eligen desarrollarse en otras ciudades porque aqu\u00ed las oportunidades son para unos pocos\u201d, manifest\u00f3 el concejal de la UCR.<\/p>\n\n\n\n<figure class=\"wp-block-image size-large is-resized\"><img loading=\"lazy\" decoding=\"async\" src=\"https:\/\/www.almargenweb.com.ar\/web\/wp-content\/uploads\/2020\/10\/IMG-20201023-WA0023-01.jpeg\" alt=\"\" class=\"wp-image-30106\" width=\"415\" height=\"447\"\/><figcaption>Muller; &#8220;Esperanza tiene mucho potencial en nuestros j\u00f3venes y tenemos que aprovecharlo&#8221;<\/figcaption><\/figure>\n\n\n\n<p>Inspector del gasto<\/p>\n\n\n\n<p>\u201cPara hacer m\u00e1s eficiente el Estado primero hay que conocer en qu\u00e9 se gastan los recursos de todos los esperancinos. Es por eso que, continuamente, realizo una inspecci\u00f3n de los gastos para que sean una base desde la cual partir para proyectar pol\u00edticas a futuro\u201d, agreg\u00f3 Muller.<\/p>\n\n\n\n<p>\u201cEl municipio tiene una cantidad excesiva de contratos de locaci\u00f3n de servicio, donde la mayor\u00eda est\u00e1 destinado a tareas administrativas. Eso debe cambiar, las tareas administrativas las deben hacer el personal de planta con aportes para no desfinanciar la caja municipal. Tener contratos temporales para realizar tareas administrativas es una burla a la Ley provincial N\u00b0 9286 (que regula el ingreso a la funci\u00f3n p\u00fablica municipal) y es injusto para el contratado ya que no le permite desarrollar su carrera administrativa a largo plazo\u201d.<\/p>\n<!-- AddThis Advanced Settings generic via filter on the_content --><!-- AddThis Share Buttons generic via filter on the_content -->","protected":false},"excerpt":{"rendered":"<p>El concejal de la UCR solicita m\u00e1s transparencia a trav\u00e9s de la implementaci\u00f3n de concursos para [&hellip;]<!-- AddThis Advanced Settings generic via filter on get_the_excerpt --><!-- AddThis Share Buttons generic via filter on get_the_excerpt --><\/p>\n","protected":false},"author":16,"featured_media":30104,"comment_status":"open","ping_status":"open","sticky":false,"template":"","format":"standard","meta":{"_seopress_robots_primary_cat":"","_seopress_titles_title":"","_seopress_titles_desc":"","_seopress_robots_index":"","_themeisle_gutenberg_block_has_review":false,"footnotes":""},"categories":[2,47,9],"tags":[],"class_list":["post-30103","post","type-post","status-publish","format-standard","has-post-thumbnail","hentry","category-actualidad","category-locales","category-politica"],"_links":{"self":[{"href":"https:\/\/www.almargenweb.com.ar\/web\/wp-json\/wp\/v2\/posts\/30103","targetHints":{"allow":["GET"]}}],"collection":[{"href":"https:\/\/www.almargenweb.com.ar\/web\/wp-json\/wp\/v2\/posts"}],"about":[{"href":"https:\/\/www.almargenweb.com.ar\/web\/wp-json\/wp\/v2\/types\/post"}],"author":[{"embeddable":true,"href":"https:\/\/www.almargenweb.com.ar\/web\/wp-json\/wp\/v2\/users\/16"}],"replies":[{"embeddable":true,"href":"https:\/\/www.almargenweb.com.ar\/web\/wp-json\/wp\/v2\/comments?post=30103"}],"version-history":[{"count":1,"href":"https:\/\/www.almargenweb.com.ar\/web\/wp-json\/wp\/v2\/posts\/30103\/revisions"}],"predecessor-version":[{"id":30107,"href":"https:\/\/www.almargenweb.com.ar\/web\/wp-json\/wp\/v2\/posts\/30103\/revisions\/30107"}],"wp:featuredmedia":[{"embeddable":true,"href":"https:\/\/www.almargenweb.com.ar\/web\/wp-json\/wp\/v2\/media\/30104"}],"wp:attachment":[{"href":"https:\/\/www.almargenweb.com.ar\/web\/wp-json\/wp\/v2\/media?parent=30103"}],"wp:term":[{"taxonomy":"category","embeddable":true,"href":"https:\/\/www.almargenweb.com.ar\/web\/wp-json\/wp\/v2\/categories?post=30103"},{"taxonomy":"post_tag","embeddable":true,"href":"https:\/\/www.almargenweb.com.ar\/web\/wp-json\/wp\/v2\/tags?post=30103"}],"curies":[{"name":"wp","href":"https:\/\/api.w.org\/{rel}","templated":true}]}}