{"id":30076,"date":"2020-10-21T09:53:49","date_gmt":"2020-10-21T12:53:49","guid":{"rendered":"http:\/\/www.almargenweb.com.ar\/web\/?p=30076"},"modified":"2020-10-21T09:59:29","modified_gmt":"2020-10-21T12:59:29","slug":"san-jeronimo-del-sauce-instalan-juegos-recreativos-en-la-futura-plaza-saludable","status":"publish","type":"post","link":"https:\/\/www.almargenweb.com.ar\/web\/san-jeronimo-del-sauce-instalan-juegos-recreativos-en-la-futura-plaza-saludable\/","title":{"rendered":"San Jer\u00f3nimo del Sauce; instalan juegos recreativos en la futura Plaza Saludable."},"content":{"rendered":"\n<p>A partir de esta semana comenzar\u00e1 a tomar forma la plaza Saludable, ubicada a la vera de la ex Ruta N\u00b019 en el ingreso este a la localidad. Adem\u00e1s se instalar\u00e1 la primera etapa de la iluminaci\u00f3n led que tendr\u00e1 la ciclov\u00eda.<\/p>\n\n\n\n<p>La obra que debi\u00f3 comenzar hace 7 meses, y por efectos de la pandemia se vio demorada, comenzara esta semana a tener forma. Su inicio, sera con la instalaci\u00f3n de los juegos recreativos de lo que en un futuro se conocer\u00e1 como \u201cLa Plaza Saludable\u201d.<\/p>\n\n\n\n<p>Este nuevo espacio p\u00fablico que tendr\u00e1n los vecinos de la localidad naci\u00f3 en el marco del proyecto \u201cTu Salud Primero\u201d presentado por el Gabinete Joven y premiado en el programa Ingenia a finales del 2018.<\/p>\n\n\n\n<p>El presidente comunal, Daniel Rios, se manifest\u00f3 al respecto; \u201cEsta semana terminamos de definir la ubicaci\u00f3n de la iluminaci\u00f3n de la ciclov\u00eda -en una primera etapa- y los juegos recreativos. Se trat\u00f3 de una inversi\u00f3n en conjunto con los chicos del Gabinete Joven quienes pusieron una fuerza enorme para comprar los juegos, parte del mobiliario y de las luminarias que vamos a colocar en todos los juegos\u201d.<\/p>\n\n\n\n<figure class=\"wp-block-image size-large\"><img loading=\"lazy\" decoding=\"async\" width=\"750\" height=\"421\" src=\"https:\/\/www.almargenweb.com.ar\/web\/wp-content\/uploads\/2020\/10\/24863d9da2a4a176be3400890b899e1b.jpg\" alt=\"\" class=\"wp-image-30078\" srcset=\"https:\/\/www.almargenweb.com.ar\/web\/wp-content\/uploads\/2020\/10\/24863d9da2a4a176be3400890b899e1b.jpg 750w, https:\/\/www.almargenweb.com.ar\/web\/wp-content\/uploads\/2020\/10\/24863d9da2a4a176be3400890b899e1b-300x168.jpg 300w\" sizes=\"auto, (max-width: 750px) 100vw, 750px\" \/><figcaption>Daniel Rios, intendente de SJS, &#8220;es una inversi\u00f3n en conjunto con los chicos del Gabinete Joven quienes pusieron una fuerza enorme para comprar los juegos, y parte del mobiliario y de las luminarias&#8221;.<\/figcaption><\/figure>\n\n\n\n<p>Sobre los tiempos de obra, R\u00edos manifest\u00f3 que los efectos de la pandemia, \u201cnos jug\u00f3 una mala pasada. El objetivo no era adelantar los tiempos en una primera etapa para evitar que la gente concurra a hacer actividad f\u00edsica cuando no estaba permitido. Pero ahora que se ha flexibilizado el tema de la aislamiento, y siendo San Jer\u00f3nimo del Sauce una de las pocas localidades que no tuvo casos positivos, vamos a iniciar con la puesta en valor del acceso este de la localidad con la incorporaci\u00f3n de los nuevos juegos y de la iluminaci\u00f3n led de la ciclov\u00eda\u201d.<br>Igualmente, R\u00edos brindo detalles sobre la obra, la que \u201cabarca m\u00e1s de 1500 metros, e incluir\u00e1 un descanso, colocaci\u00f3n de bancos e iluminaci\u00f3n, en la parte que une la vieja traza de la Ruta Nacional N\u00b0 19, con la Autov\u00eda\u201d.<\/p>\n\n\n\n<p>Por su parte la Arquitecta Yanina Donnet manifest\u00f3 que se colocar\u00e1n un total de seis juegos. \u201cLa idea es colocar en una primera etapa seis juegos para actividad deportiva. Cada juego va a contar con su respectiva platea, seg\u00fan las dimensiones que lo requiera el propio juego y tambi\u00e9n para la seguridad de las personas que lo utilizan\u201d.\\<\/p>\n\n\n\n<p>Donnet aclar\u00f3 que el dise\u00f1o de la ciclov\u00eda -en una primera etapa en zigzag- permiti\u00f3 incorporar los juegos que en un primer tramo tendr\u00e1 la Plaza Saludable. \u201cPor ello se ideo para que en cada espacio haya un juego\u201d.<\/p>\n\n\n\n<p>En cuanto a la iluminaci\u00f3n, Donnet explic\u00f3 que se van a colocar nuevas columnas de iluminaci\u00f3n led, que estar\u00e1n destinadas a iluminar la ciclov\u00eda, el ingreso y tambi\u00e9n los juegos. \u201cSe ha hecho un cambio importante en cuanto a la est\u00e9tica visual del ingreso este que desde esta semana tendr\u00e1 San Jer\u00f3nimo del Sauce\u201d.<\/p>\n\n\n\n<p>(foto portada; El Cronista de las Colonias)<\/p>\n<!-- AddThis Advanced Settings generic via filter on the_content --><!-- AddThis Share Buttons generic via filter on the_content -->","protected":false},"excerpt":{"rendered":"<p>A partir de esta semana comenzar\u00e1 a tomar forma la plaza Saludable, ubicada a la vera [&hellip;]<!-- AddThis Advanced Settings generic via filter on get_the_excerpt --><!-- AddThis Share Buttons generic via filter on get_the_excerpt --><\/p>\n","protected":false},"author":16,"featured_media":30077,"comment_status":"open","ping_status":"open","sticky":false,"template":"","format":"standard","meta":{"_seopress_robots_primary_cat":"","_seopress_titles_title":"","_seopress_titles_desc":"","_seopress_robots_index":"","_themeisle_gutenberg_block_has_review":false,"footnotes":""},"categories":[2,230,21,24],"tags":[402,489,512,246,511],"class_list":["post-30076","post","type-post","status-publish","format-standard","has-post-thumbnail","hentry","category-actualidad","category-deportes","category-las-colonias","category-obras-publicas","tag-lascolonias-2","tag-obraspublicas","tag-recreacion","tag-salud","tag-sanjeronimodelsauce"],"_links":{"self":[{"href":"https:\/\/www.almargenweb.com.ar\/web\/wp-json\/wp\/v2\/posts\/30076","targetHints":{"allow":["GET"]}}],"collection":[{"href":"https:\/\/www.almargenweb.com.ar\/web\/wp-json\/wp\/v2\/posts"}],"about":[{"href":"https:\/\/www.almargenweb.com.ar\/web\/wp-json\/wp\/v2\/types\/post"}],"author":[{"embeddable":true,"href":"https:\/\/www.almargenweb.com.ar\/web\/wp-json\/wp\/v2\/users\/16"}],"replies":[{"embeddable":true,"href":"https:\/\/www.almargenweb.com.ar\/web\/wp-json\/wp\/v2\/comments?post=30076"}],"version-history":[{"count":2,"href":"https:\/\/www.almargenweb.com.ar\/web\/wp-json\/wp\/v2\/posts\/30076\/revisions"}],"predecessor-version":[{"id":30080,"href":"https:\/\/www.almargenweb.com.ar\/web\/wp-json\/wp\/v2\/posts\/30076\/revisions\/30080"}],"wp:featuredmedia":[{"embeddable":true,"href":"https:\/\/www.almargenweb.com.ar\/web\/wp-json\/wp\/v2\/media\/30077"}],"wp:attachment":[{"href":"https:\/\/www.almargenweb.com.ar\/web\/wp-json\/wp\/v2\/media?parent=30076"}],"wp:term":[{"taxonomy":"category","embeddable":true,"href":"https:\/\/www.almargenweb.com.ar\/web\/wp-json\/wp\/v2\/categories?post=30076"},{"taxonomy":"post_tag","embeddable":true,"href":"https:\/\/www.almargenweb.com.ar\/web\/wp-json\/wp\/v2\/tags?post=30076"}],"curies":[{"name":"wp","href":"https:\/\/api.w.org\/{rel}","templated":true}]}}