{"id":30068,"date":"2020-10-20T08:32:50","date_gmt":"2020-10-20T11:32:50","guid":{"rendered":"http:\/\/www.almargenweb.com.ar\/web\/?p=30068"},"modified":"2020-10-20T08:32:51","modified_gmt":"2020-10-20T11:32:51","slug":"argentina-supero-el-millon-de-casos-positivos-por-covid-19-y-es-noticia-mundial","status":"publish","type":"post","link":"https:\/\/www.almargenweb.com.ar\/web\/argentina-supero-el-millon-de-casos-positivos-por-covid-19-y-es-noticia-mundial\/","title":{"rendered":"Argentina supero el mill\u00f3n de casos positivos por Covid-19 y es noticia mundial."},"content":{"rendered":"\n<p>El Ministerio de Salud dio a conocer el parte vespertino con 12.982 nuevos positivos de COVID-19 y adem\u00e1s 451 nuevas muertes, para un total de 26.716. Asi mismo, se dieron a conocer los protocolos para ingresar a la costa Atl\u00e1ntica.<\/p>\n\n\n\n<p>Fueron confirmados 12.982 nuevos casos de COVID-19. Con estos registros, suman 1.002.662 positivos en el pa\u00eds, de los cuales 803.965 son pacientes recuperados y 159.695 son casos confirmados activos.<\/p>\n\n\n\n<p>A diferencia de ciertos pa\u00edses de Europa en los que se registran rebrotes tras una baja en los contagios, en Argentina la situaci\u00f3n es diferente. El pa\u00eds desarroll\u00f3 un temprano y extenso aislamiento preventivo que le permiti\u00f3 demorar la expansi\u00f3n de la pandemia. De hecho, en su momento fue tomado como ejemplo de contenci\u00f3n del virus en el mundo. La cuarentena -que fue aplicada con diferentes formatos seg\u00fan las provincias- lleva 214 d\u00edas y este martes cumple siete meses.\u00a0<\/p>\n\n\n\n<p>Declaraci\u00f3n Jurada para la Costa Atl\u00e1ntica.<\/p>\n\n\n\n<figure class=\"wp-block-image size-large\"><img loading=\"lazy\" decoding=\"async\" width=\"794\" height=\"510\" src=\"https:\/\/www.almargenweb.com.ar\/web\/wp-content\/uploads\/2020\/10\/turismo-mardel.jpg\" alt=\"\" class=\"wp-image-30070\" srcset=\"https:\/\/www.almargenweb.com.ar\/web\/wp-content\/uploads\/2020\/10\/turismo-mardel.jpg 794w, https:\/\/www.almargenweb.com.ar\/web\/wp-content\/uploads\/2020\/10\/turismo-mardel-300x193.jpg 300w, https:\/\/www.almargenweb.com.ar\/web\/wp-content\/uploads\/2020\/10\/turismo-mardel-768x493.jpg 768w\" sizes=\"auto, (max-width: 794px) 100vw, 794px\" \/><figcaption>La Declaraci\u00f3n Jurada, se obtiene en la aplicaci\u00f3n Cuidar.<\/figcaption><\/figure>\n\n\n\n<p>Se deber\u00e1 presentar en cualquier localidad de la Costa Atl\u00e1ntica y se implementar\u00e1 de forma digital mediante la aplicaci\u00f3n oficial Cuidar. El gobernador Axel Kicillof confirmo que la misma se habilitar\u00eda a partir del 1\u00b0 de diciembre pr\u00f3ximo y se extender\u00e1 hasta Semana Santa.<br>Sin embargo, el rubro entretenimientos y espect\u00e1culos teatrales sufrir\u00e1 un duro golpe este verano ya que no ser\u00e1n habilitados los teatros ni espect\u00e1culos en espacios cerrados.<\/p>\n<!-- AddThis Advanced Settings generic via filter on the_content --><!-- AddThis Share Buttons generic via filter on the_content -->","protected":false},"excerpt":{"rendered":"<p>El Ministerio de Salud dio a conocer el parte vespertino con 12.982 nuevos positivos de COVID-19 [&hellip;]<!-- AddThis Advanced Settings generic via filter on get_the_excerpt --><!-- AddThis Share Buttons generic via filter on get_the_excerpt --><\/p>\n","protected":false},"author":16,"featured_media":30069,"comment_status":"open","ping_status":"open","sticky":false,"template":"","format":"standard","meta":{"_seopress_robots_primary_cat":"","_seopress_titles_title":"","_seopress_titles_desc":"","_seopress_robots_index":"","_themeisle_gutenberg_block_has_review":false,"footnotes":""},"categories":[2,140,15],"tags":[509,510,508,246,507],"class_list":["post-30068","post","type-post","status-publish","format-standard","has-post-thumbnail","hentry","category-actualidad","category-nacionales","category-salud","tag-costaatlantica","tag-cuidar","tag-millondecasos","tag-salud","tag-verano"],"_links":{"self":[{"href":"https:\/\/www.almargenweb.com.ar\/web\/wp-json\/wp\/v2\/posts\/30068","targetHints":{"allow":["GET"]}}],"collection":[{"href":"https:\/\/www.almargenweb.com.ar\/web\/wp-json\/wp\/v2\/posts"}],"about":[{"href":"https:\/\/www.almargenweb.com.ar\/web\/wp-json\/wp\/v2\/types\/post"}],"author":[{"embeddable":true,"href":"https:\/\/www.almargenweb.com.ar\/web\/wp-json\/wp\/v2\/users\/16"}],"replies":[{"embeddable":true,"href":"https:\/\/www.almargenweb.com.ar\/web\/wp-json\/wp\/v2\/comments?post=30068"}],"version-history":[{"count":1,"href":"https:\/\/www.almargenweb.com.ar\/web\/wp-json\/wp\/v2\/posts\/30068\/revisions"}],"predecessor-version":[{"id":30071,"href":"https:\/\/www.almargenweb.com.ar\/web\/wp-json\/wp\/v2\/posts\/30068\/revisions\/30071"}],"wp:featuredmedia":[{"embeddable":true,"href":"https:\/\/www.almargenweb.com.ar\/web\/wp-json\/wp\/v2\/media\/30069"}],"wp:attachment":[{"href":"https:\/\/www.almargenweb.com.ar\/web\/wp-json\/wp\/v2\/media?parent=30068"}],"wp:term":[{"taxonomy":"category","embeddable":true,"href":"https:\/\/www.almargenweb.com.ar\/web\/wp-json\/wp\/v2\/categories?post=30068"},{"taxonomy":"post_tag","embeddable":true,"href":"https:\/\/www.almargenweb.com.ar\/web\/wp-json\/wp\/v2\/tags?post=30068"}],"curies":[{"name":"wp","href":"https:\/\/api.w.org\/{rel}","templated":true}]}}