{"id":30039,"date":"2020-10-16T12:56:21","date_gmt":"2020-10-16T15:56:21","guid":{"rendered":"http:\/\/www.almargenweb.com.ar\/web\/?p=30039"},"modified":"2020-10-16T12:56:23","modified_gmt":"2020-10-16T15:56:23","slug":"foja-cero-con-la-ciclovia","status":"publish","type":"post","link":"https:\/\/www.almargenweb.com.ar\/web\/foja-cero-con-la-ciclovia\/","title":{"rendered":"Foja cero con la Ciclov\u00eda."},"content":{"rendered":"\n<p>La sesi\u00f3n de ayer jueves, del Concejo Municipal, era muy esperada por toda la ciudad ya que el proyecto (sin sustento t\u00e9cnico, ni econ\u00f3mico) de la construcci\u00f3n de una ciclov\u00eda que atraviesa la ic\u00f3nica Avenida de los Colonizadores, se convirti\u00f3 en tema de Estado para toda la ciudad de Esperanza.<\/p>\n\n\n\n<p>La presi\u00f3n social es evidente; carta abierta, firmada por 90 vecinos, dirigida al Parlamento Municipal. Tambi\u00e9n se recibi\u00f3 una nota de APCE (Asociaci\u00f3n de Profesionales de la Construcci\u00f3n de Esperanza) sumado a discusiones en redes sociales y un silencio oficial, dejaron en evidencia que el vecino de Esperanza esta dispuesto a cuidar el patrimonio cultural de una ciudad que no olvida valores, y es vig\u00eda de su cultura. Tal vez, mucho mas de lo que, esta gesti\u00f3n, de la Se\u00f1ora Intendenta Meiners, lo hace. <\/p>\n\n\n\n<p>Y esto es realmente grave, ya que fue elegida para velar por los intereses sociales, culturales y art\u00edsticos de esta comunidad. Aunque esto parece no importarle demasiado.<\/p>\n\n\n\n<p>A foja cero y con justa raz\u00f3n.<\/p>\n\n\n\n<p>Como era de esperarse, el proyecto no fue aprobado. Al menos no sera debatido sin un estudio serio que contemple el impacto econ\u00f3mico, ambiental, de movilidad, h\u00eddrico y sobre todo cultural, al que sera sometida la Avenida, al construirse una ciclov\u00eda.<\/p>\n\n\n\n<figure class=\"wp-block-image size-large\"><img loading=\"lazy\" decoding=\"async\" width=\"660\" height=\"330\" src=\"https:\/\/www.almargenweb.com.ar\/web\/wp-content\/uploads\/2020\/10\/MULLER-IMG_0580-1-660x330-1.jpg\" alt=\"\" class=\"wp-image-30041\" srcset=\"https:\/\/www.almargenweb.com.ar\/web\/wp-content\/uploads\/2020\/10\/MULLER-IMG_0580-1-660x330-1.jpg 660w, https:\/\/www.almargenweb.com.ar\/web\/wp-content\/uploads\/2020\/10\/MULLER-IMG_0580-1-660x330-1-300x150.jpg 300w\" sizes=\"auto, (max-width: 660px) 100vw, 660px\" \/><figcaption>Muller; &#8220;el proyecto vino a conocimiento, sin los fundamentos necesarios para una correcta evaluaci\u00f3n&#8221;.<\/figcaption><\/figure>\n\n\n\n<p>El concejal Rodrigo Muller, manifest\u00f3 que el proyecto vino a conocimiento, sin los fundamentos necesarios para una correcta evaluaci\u00f3n. Carece de informes ambientales, de movilidad y de los fundamentos t\u00e9cnicos necesarios para evaluar correctamente dicho proyecto.<br>Cabe aclarar que en virtud de la Ordenanza 3101, para cualquier intervenci\u00f3n en la v\u00eda publica se debe contar con la aprobaci\u00f3n a trav\u00e9s de una ordenanza municipal del Concejo Municipal.<\/p>\n\n\n\n<p>Al leer estos pedidos, podr\u00edamos suponer que nunca hubo un estudio serio y responsable de nada. Se necesitan muchos informes para llevar adelante una obra de esta magnitud, que imaginamos, se decidi\u00f3 hacer de forma venturosa sin medir consecuencias, aun a costo de cometer errores similares al de Plaza San Martin (h\u00eddrico) y la quita de arboles de la ciudad (Ley del \u00c1rbol).<\/p>\n\n\n\n<p>Raz\u00f3n por la cual, los ediles, un\u00e1nimes, decidieron devolver la nota presentada por Ana Meiners, solicitando la redacci\u00f3n contundente que merece un proyecto semejante. Adem\u00e1s, la oposici\u00f3n pidi\u00f3 incorporarle los requerimientos t\u00e9cnicos de cualquier proyecto integral y la necesidad de saber c\u00f3mo solventar\u00e1 la iniciativa.<\/p>\n<!-- AddThis Advanced Settings generic via filter on the_content --><!-- AddThis Share Buttons generic via filter on the_content -->","protected":false},"excerpt":{"rendered":"<p>La sesi\u00f3n de ayer jueves, del Concejo Municipal, era muy esperada por toda la ciudad ya [&hellip;]<!-- AddThis Advanced Settings generic via filter on get_the_excerpt --><!-- AddThis Share Buttons generic via filter on get_the_excerpt --><\/p>\n","protected":false},"author":16,"featured_media":30040,"comment_status":"open","ping_status":"open","sticky":false,"template":"","format":"standard","meta":{"_seopress_robots_primary_cat":"","_seopress_titles_title":"","_seopress_titles_desc":"","_seopress_robots_index":"","_themeisle_gutenberg_block_has_review":false,"footnotes":""},"categories":[2,164,3,47,24,9],"tags":[481,480,461,490,488,489],"class_list":["post-30039","post","type-post","status-publish","format-standard","has-post-thumbnail","hentry","category-actualidad","category-ambiente","category-cultura","category-locales","category-obras-publicas","category-politica","tag-ciclovia","tag-consejomunicipal","tag-cultura-2","tag-esperanzaciudad","tag-obrasescultoricas","tag-obraspublicas"],"_links":{"self":[{"href":"https:\/\/www.almargenweb.com.ar\/web\/wp-json\/wp\/v2\/posts\/30039","targetHints":{"allow":["GET"]}}],"collection":[{"href":"https:\/\/www.almargenweb.com.ar\/web\/wp-json\/wp\/v2\/posts"}],"about":[{"href":"https:\/\/www.almargenweb.com.ar\/web\/wp-json\/wp\/v2\/types\/post"}],"author":[{"embeddable":true,"href":"https:\/\/www.almargenweb.com.ar\/web\/wp-json\/wp\/v2\/users\/16"}],"replies":[{"embeddable":true,"href":"https:\/\/www.almargenweb.com.ar\/web\/wp-json\/wp\/v2\/comments?post=30039"}],"version-history":[{"count":1,"href":"https:\/\/www.almargenweb.com.ar\/web\/wp-json\/wp\/v2\/posts\/30039\/revisions"}],"predecessor-version":[{"id":30042,"href":"https:\/\/www.almargenweb.com.ar\/web\/wp-json\/wp\/v2\/posts\/30039\/revisions\/30042"}],"wp:featuredmedia":[{"embeddable":true,"href":"https:\/\/www.almargenweb.com.ar\/web\/wp-json\/wp\/v2\/media\/30040"}],"wp:attachment":[{"href":"https:\/\/www.almargenweb.com.ar\/web\/wp-json\/wp\/v2\/media?parent=30039"}],"wp:term":[{"taxonomy":"category","embeddable":true,"href":"https:\/\/www.almargenweb.com.ar\/web\/wp-json\/wp\/v2\/categories?post=30039"},{"taxonomy":"post_tag","embeddable":true,"href":"https:\/\/www.almargenweb.com.ar\/web\/wp-json\/wp\/v2\/tags?post=30039"}],"curies":[{"name":"wp","href":"https:\/\/api.w.org\/{rel}","templated":true}]}}