{"id":30025,"date":"2020-10-15T12:06:07","date_gmt":"2020-10-15T15:06:07","guid":{"rendered":"http:\/\/www.almargenweb.com.ar\/web\/?p=30025"},"modified":"2020-10-15T12:06:08","modified_gmt":"2020-10-15T15:06:08","slug":"san-cristobal-inauguro-su-nuevo-edificio-de-tribunales","status":"publish","type":"post","link":"https:\/\/www.almargenweb.com.ar\/web\/san-cristobal-inauguro-su-nuevo-edificio-de-tribunales\/","title":{"rendered":"San Crist\u00f3bal inauguro su nuevo edificio de  tribunales."},"content":{"rendered":"\n<p>El Senador Provincial Felipe Michlig acompa\u00f1\u00f3 a las m\u00e1ximas autoridades de la Provincia, encabezadas por el Gobernador Omar Perotti, el Presidente de la C.S.J. Dr. Rafael Guti\u00e9rrez y el Presidente de la C\u00e1mara de Diputados Miguel Lifschitz, en el acto de inauguraci\u00f3n del flamante edificio judicial sede &#8211; cabecera del Departamento San Crist\u00f3bal.<\/p>\n\n\n\n<figure class=\"wp-block-image size-large\"><img loading=\"lazy\" decoding=\"async\" width=\"1024\" height=\"768\" src=\"https:\/\/www.almargenweb.com.ar\/web\/wp-content\/uploads\/2020\/10\/Inaug-lifs-SC-1024x768.jpeg\" alt=\"\" class=\"wp-image-30027\" srcset=\"https:\/\/www.almargenweb.com.ar\/web\/wp-content\/uploads\/2020\/10\/Inaug-lifs-SC-1024x768.jpeg 1024w, https:\/\/www.almargenweb.com.ar\/web\/wp-content\/uploads\/2020\/10\/Inaug-lifs-SC-300x225.jpeg 300w, https:\/\/www.almargenweb.com.ar\/web\/wp-content\/uploads\/2020\/10\/Inaug-lifs-SC-768x576.jpeg 768w, https:\/\/www.almargenweb.com.ar\/web\/wp-content\/uploads\/2020\/10\/Inaug-lifs-SC.jpeg 1200w\" sizes=\"auto, (max-width: 1024px) 100vw, 1024px\" \/><figcaption>El Senador Provincial Felipe Michlig acompa\u00f1\u00f3 a  el Presidente de la C.S.J. Dr. Rafael Guti\u00e9rrez y el Presidente de la C\u00e1mara de Diputados Miguel Lifschitz, en el acto de inauguraci\u00f3n del flamante edificio judicial sede.<\/figcaption><\/figure>\n\n\n\n<p>Michlig expreso su orgullo al respecto; \u201cLa inauguraci\u00f3n de los nuevos tribunales de San Crist\u00f3bal es un hecho hist\u00f3rico, que corona un arduo trabajo interpoderes iniciado en 2013\u201d<br>El nuevo edificio de 3.190 m2 se encuentra emplazado en la Av. De los Trabajadores Ferroviarios al 1200, y albergar\u00e1 distintas dependencias judiciales incluidas oficinas del Ministerio P\u00fablico de la Acusaci\u00f3n y del Servicio P\u00fablico de la Defensa Penal, con lo que \u201cse aglutina a todas las sedes de la ciudad en un \u00fanico y estrat\u00e9gico edificio\u201d.<\/p>\n\n\n\n<p>La obra edilicia se comenz\u00f3 a construir en el a\u00f1o 2013, con una inversi\u00f3n actualizada de alrededor de 280 millones de pesos, durante sus tres etapas.<\/p>\n\n\n\n<figure class=\"wp-block-image size-large\"><img loading=\"lazy\" decoding=\"async\" width=\"768\" height=\"1024\" src=\"https:\/\/www.almargenweb.com.ar\/web\/wp-content\/uploads\/2020\/10\/Inaug-edif-trib-SC3-01-768x1024.jpeg\" alt=\"\" class=\"wp-image-30029\" srcset=\"https:\/\/www.almargenweb.com.ar\/web\/wp-content\/uploads\/2020\/10\/Inaug-edif-trib-SC3-01-768x1024.jpeg 768w, https:\/\/www.almargenweb.com.ar\/web\/wp-content\/uploads\/2020\/10\/Inaug-edif-trib-SC3-01-225x300.jpeg 225w, https:\/\/www.almargenweb.com.ar\/web\/wp-content\/uploads\/2020\/10\/Inaug-edif-trib-SC3-01.jpeg 900w\" sizes=\"auto, (max-width: 768px) 100vw, 768px\" \/><figcaption>Michling resalto la importancia del flamante nuevo edificio; \u201cse aglutina a todas las sedes de la ciudad en un \u00fanico y estrat\u00e9gico edificio\u201d.<\/figcaption><\/figure>\n\n\n\n<p>Asimismo, Michlig resalt\u00f3 en di\u00e1logo con la prensa que \u201ceste es un hecho hist\u00f3rico, que corona un arduo trabajo interpoderes iniciado en 2013, inici\u00e1ndose con la administraci\u00f3n del exgobernador Bonfatti, teniendo un decisivo impulso en la gesti\u00f3n de Miguel Lifschitz e inaugur\u00e1ndose en esta presente gesti\u00f3n; teniendo al Dr. Rafael Guti\u00e9rrez como principal protagonista, porque desde un principio se puso el proyecto al hombro y siempre nos dio respuestas\u201d.<\/p>\n<!-- AddThis Advanced Settings generic via filter on the_content --><!-- AddThis Share Buttons generic via filter on the_content -->","protected":false},"excerpt":{"rendered":"<p>El Senador Provincial Felipe Michlig acompa\u00f1\u00f3 a las m\u00e1ximas autoridades de la Provincia, encabezadas por el [&hellip;]<!-- AddThis Advanced Settings generic via filter on get_the_excerpt --><!-- AddThis Share Buttons generic via filter on get_the_excerpt --><\/p>\n","protected":false},"author":16,"featured_media":30026,"comment_status":"open","ping_status":"open","sticky":false,"template":"","format":"standard","meta":{"_seopress_robots_primary_cat":"","_seopress_titles_title":"","_seopress_titles_desc":"","_seopress_robots_index":"","_themeisle_gutenberg_block_has_review":false,"footnotes":""},"categories":[2,9,321],"tags":[],"class_list":["post-30025","post","type-post","status-publish","format-standard","has-post-thumbnail","hentry","category-actualidad","category-politica","category-san-cristobal"],"_links":{"self":[{"href":"https:\/\/www.almargenweb.com.ar\/web\/wp-json\/wp\/v2\/posts\/30025","targetHints":{"allow":["GET"]}}],"collection":[{"href":"https:\/\/www.almargenweb.com.ar\/web\/wp-json\/wp\/v2\/posts"}],"about":[{"href":"https:\/\/www.almargenweb.com.ar\/web\/wp-json\/wp\/v2\/types\/post"}],"author":[{"embeddable":true,"href":"https:\/\/www.almargenweb.com.ar\/web\/wp-json\/wp\/v2\/users\/16"}],"replies":[{"embeddable":true,"href":"https:\/\/www.almargenweb.com.ar\/web\/wp-json\/wp\/v2\/comments?post=30025"}],"version-history":[{"count":1,"href":"https:\/\/www.almargenweb.com.ar\/web\/wp-json\/wp\/v2\/posts\/30025\/revisions"}],"predecessor-version":[{"id":30030,"href":"https:\/\/www.almargenweb.com.ar\/web\/wp-json\/wp\/v2\/posts\/30025\/revisions\/30030"}],"wp:featuredmedia":[{"embeddable":true,"href":"https:\/\/www.almargenweb.com.ar\/web\/wp-json\/wp\/v2\/media\/30026"}],"wp:attachment":[{"href":"https:\/\/www.almargenweb.com.ar\/web\/wp-json\/wp\/v2\/media?parent=30025"}],"wp:term":[{"taxonomy":"category","embeddable":true,"href":"https:\/\/www.almargenweb.com.ar\/web\/wp-json\/wp\/v2\/categories?post=30025"},{"taxonomy":"post_tag","embeddable":true,"href":"https:\/\/www.almargenweb.com.ar\/web\/wp-json\/wp\/v2\/tags?post=30025"}],"curies":[{"name":"wp","href":"https:\/\/api.w.org\/{rel}","templated":true}]}}