{"id":30020,"date":"2020-10-14T18:15:37","date_gmt":"2020-10-14T21:15:37","guid":{"rendered":"http:\/\/www.almargenweb.com.ar\/web\/?p=30020"},"modified":"2020-10-14T18:18:29","modified_gmt":"2020-10-14T21:18:29","slug":"un-grupo-de-vecinos-pide-que-se-debata-de-manera-seria-y-responsable-el-proyecto-de-la-ciclovia","status":"publish","type":"post","link":"https:\/\/www.almargenweb.com.ar\/web\/un-grupo-de-vecinos-pide-que-se-debata-de-manera-seria-y-responsable-el-proyecto-de-la-ciclovia\/","title":{"rendered":"Un grupo de vecinos pide que se debata de manera seria y responsable el proyecto de la ciclov\u00eda."},"content":{"rendered":"\n<p>El pasado 2 de octubre ingreso al Consejo Municipal, una carta redactada por dos vecinas de Avenida Colonizadores y firmada por otras 90 personas, en la que se pide de forma urgente el tratado responsable y sensato, de lo que ellos consideran una idea alocada; retirar las esculturas de la avenida, para la creaci\u00f3n de una ciclov\u00eda.<\/p>\n\n\n\n<p>Piden conciencia sobre el legado de Eva Erni Borla y que se permita involucrar a los vecinos en el debate.<\/p>\n\n\n\n<figure class=\"wp-block-image size-large is-resized\"><img loading=\"lazy\" decoding=\"async\" src=\"https:\/\/www.almargenweb.com.ar\/web\/wp-content\/uploads\/2020\/10\/unnamed.jpg\" alt=\"\" class=\"wp-image-30023\" width=\"419\" height=\"559\" srcset=\"https:\/\/www.almargenweb.com.ar\/web\/wp-content\/uploads\/2020\/10\/unnamed.jpg 384w, https:\/\/www.almargenweb.com.ar\/web\/wp-content\/uploads\/2020\/10\/unnamed-225x300.jpg 225w\" sizes=\"auto, (max-width: 419px) 100vw, 419px\" \/><figcaption>El legado art\u00edstico y cultural de Borla corre peligro por una ciclov\u00eda.<\/figcaption><\/figure>\n\n\n\n<p>Despu\u00e9s del despojo bot\u00e1nico que sufri\u00f3 la ciudad de Esperanza, una idea alocada sin estudios previos, temen que se repita una herej\u00eda semejante con las obras escult\u00f3ricas de Borla. Las mismas que le dan identidad, no solo al barrio, sino a toda una ciudad.<\/p>\n\n\n\n<p>La nota entregada al Consejo, ya es de dominio publico, y se detalla a continuaci\u00f3n;<\/p>\n\n\n\n<p>Al Presidente del Concejo Municipal<\/p>\n\n\n\n<p>Ciudad de Esperanza<\/p>\n\n\n\n<p>Dr. V\u00edctor Elena<\/p>\n\n\n\n<p>Los abajo firmantes, vecinos autoconvocados de Esperanza, nos dirigimos a Ud. y por su intermedio a todos los integrantes del Concejo en los siguientes t\u00e9rminos.<\/p>\n\n\n\n<p>Solicitamos en car\u00e1cter urgente se arbitren todos los recursos disponibles para DETENER EL AVANCE DEL PROYECTO DE CICLOV\u00cdA EN AVENIDA LOS COLONIZADORES.<\/p>\n\n\n\n<p>Consideramos que este Proyecto debe ser tratado y analizado por el Concejo Municipal, como corresponde seg\u00fan Ley org\u00e1nica de Municipios y Comunas, art\u00edculo 39, inciso 24 y 29, que otorga facultad exclusiva al Concejo Municipal, por tratarse de realizaci\u00f3n de obras en el espacio p\u00fablico.<\/p>\n\n\n\n<p>Entendemos que de este modo, se dar\u00eda participaci\u00f3n a diversos actores Institucionales de la ciudad y o externos a la misma, en busca de aportes de expertos en todas las \u00e1reas que este proyecto involucra: ambiental, patrimonial, art\u00edstico, urban\u00edstico, y tambi\u00e9n de convivencia y participaci\u00f3n ciudadana.<\/p>\n\n\n\n<p>Adem\u00e1s, manifestamos nuestro absoluto RECHAZO AL TRASLADO DEL CONJUNTO DE OBRAS ESCULT\u00d3RICAS DE LA ARTISTA ESPERANCINA EVA ERNI BORLA, por cuanto sabemos que esas obras fueron concebidas para ese lugar constituyendo un s\u00edmbolo identitario de la Avenida misma, Los Colonizadores, conformando el patrimonio cultural que los esperancinos hemos aprendido a amar y respetar, (a pesar del menosprecio demostrado en el proyecto por el\/los autores del mismo). Informamos que la t\u00e9cnica utilizada por la autora, cemento directo, con base de hierros, son huecas en su interior, por lo que al menor intento de movimiento, se romper\u00edan, siendo un casi seguro viaje a su destrucci\u00f3n total. Estamos convencidos de que ser\u00eda muy dif\u00edcil encontrar la persona id\u00f3nea para restaurarlas, adem\u00e1s de resultar sumamente costoso como todo trabajo de esta envergadura.<\/p>\n\n\n\n<p>Consideramos que cualquier otro lugar de la ciudad que se seleccionara para emplazar las esculturas, no responder\u00eda al objeto para el que fueron concebidas ni lucir\u00edan como lo hacen en el lugar que hoy ocupan. Asimismo entendemos que la imagen de la prestigiosa arteria que tratamos se ver\u00eda seriamente deteriorada, desjerarquizando uno de los ingresos principales a la ciudad.<\/p>\n\n\n\n<p>No escapa a nuestro conocimiento las dificultades que ofrece el tr\u00e1nsito que por la Avenida circula, no obstantes somos conscientes de que es posible evaluar otras alternativas de soluci\u00f3n a este problema.<\/p>\n\n\n\n<p>Como ciudadanos ocupados y preocupados por este Proyecto que nos afecta directamente, esperamos que Uds. como nuestros directos representantes sepan comprender el esp\u00edritu que nos mueve y se ocupen de inmediato de este tema por el bien de la ciudad y todos sus habitantes.<\/p>\n\n\n\n<p>Quedamos al aguardo de vuestras noticias sobre el particular, mientras saludamos a Uds. con la mayor atenci\u00f3n.<\/p>\n\n\n\n<p>Sara Mercedes ECHAG\u00dcE       Celina ZIMMERMANN<\/p>\n\n\n\n<p>Y unas 90 firmas m\u00e1s.<\/p>\n<!-- AddThis Advanced Settings generic via filter on the_content --><!-- AddThis Share Buttons generic via filter on the_content -->","protected":false},"excerpt":{"rendered":"<p>El pasado 2 de octubre ingreso al Consejo Municipal, una carta redactada por dos vecinas de [&hellip;]<!-- AddThis Advanced Settings generic via filter on get_the_excerpt --><!-- AddThis Share Buttons generic via filter on get_the_excerpt --><\/p>\n","protected":false},"author":16,"featured_media":30021,"comment_status":"open","ping_status":"open","sticky":false,"template":"","format":"standard","meta":{"_seopress_robots_primary_cat":"","_seopress_titles_title":"","_seopress_titles_desc":"","_seopress_robots_index":"","_themeisle_gutenberg_block_has_review":false,"footnotes":""},"categories":[2,164,3,47],"tags":[479,481,480,478],"class_list":["post-30020","post","type-post","status-publish","format-standard","has-post-thumbnail","hentry","category-actualidad","category-ambiente","category-cultura","category-locales","tag-arteescultural","tag-ciclovia","tag-consejomunicipal","tag-evaerniborla"],"_links":{"self":[{"href":"https:\/\/www.almargenweb.com.ar\/web\/wp-json\/wp\/v2\/posts\/30020","targetHints":{"allow":["GET"]}}],"collection":[{"href":"https:\/\/www.almargenweb.com.ar\/web\/wp-json\/wp\/v2\/posts"}],"about":[{"href":"https:\/\/www.almargenweb.com.ar\/web\/wp-json\/wp\/v2\/types\/post"}],"author":[{"embeddable":true,"href":"https:\/\/www.almargenweb.com.ar\/web\/wp-json\/wp\/v2\/users\/16"}],"replies":[{"embeddable":true,"href":"https:\/\/www.almargenweb.com.ar\/web\/wp-json\/wp\/v2\/comments?post=30020"}],"version-history":[{"count":2,"href":"https:\/\/www.almargenweb.com.ar\/web\/wp-json\/wp\/v2\/posts\/30020\/revisions"}],"predecessor-version":[{"id":30024,"href":"https:\/\/www.almargenweb.com.ar\/web\/wp-json\/wp\/v2\/posts\/30020\/revisions\/30024"}],"wp:featuredmedia":[{"embeddable":true,"href":"https:\/\/www.almargenweb.com.ar\/web\/wp-json\/wp\/v2\/media\/30021"}],"wp:attachment":[{"href":"https:\/\/www.almargenweb.com.ar\/web\/wp-json\/wp\/v2\/media?parent=30020"}],"wp:term":[{"taxonomy":"category","embeddable":true,"href":"https:\/\/www.almargenweb.com.ar\/web\/wp-json\/wp\/v2\/categories?post=30020"},{"taxonomy":"post_tag","embeddable":true,"href":"https:\/\/www.almargenweb.com.ar\/web\/wp-json\/wp\/v2\/tags?post=30020"}],"curies":[{"name":"wp","href":"https:\/\/api.w.org\/{rel}","templated":true}]}}