{"id":30009,"date":"2020-10-14T09:35:36","date_gmt":"2020-10-14T12:35:36","guid":{"rendered":"http:\/\/www.almargenweb.com.ar\/web\/?p=30009"},"modified":"2020-10-14T10:20:53","modified_gmt":"2020-10-14T13:20:53","slug":"muller-es-necesario-agilizar-el-tramite-en-el-otorgamiento-del-carnet-de-conducir","status":"publish","type":"post","link":"https:\/\/www.almargenweb.com.ar\/web\/muller-es-necesario-agilizar-el-tramite-en-el-otorgamiento-del-carnet-de-conducir\/","title":{"rendered":"Muller; \u201ces necesario agilizar el tr\u00e1mite en el otorgamiento del carnet de conducir\u201d"},"content":{"rendered":"\n<p>Rodrigo Muller explico la necesidad de modificar y agilizar el tr\u00e1mite al momento de la obtenci\u00f3n o renovaci\u00f3n del carnet de conducir. <\/p>\n\n\n\n<p>Basado en puntos espec\u00edficos, con una capacitaci\u00f3n adecuada y de forma virtual necesaria para instruir al ciudadano. Ayud\u00e1ndolo a respetar las normas de transito desde el entendimiento y la conciencia social y no desde el temor a una multa.<\/p>\n\n\n\n<p>Los turnos otorgados en tiempos razonables, sin que esto genere una incomodidad para el solicitante, cuidando la salud de los individuos.<\/p>\n\n\n\n<p>Los puntos desarrollados en la propuesta de Muller, en esta nueva &#8220;normalidad de pandemia&#8221;, se explican a continuacion;<\/p>\n\n\n\n<p>Turnos para la emisi\u00f3n y renovaci\u00f3n en tiempos sensatos: Si bien se encuentran prorrogadas por 240 d\u00edas el vencimiento de la licencias de conducir. Numerosos vecinos han acercado su preocupaci\u00f3n para que el otorgamiento de nuevos turnos sea en un tiempo razonable. Los mismos se est\u00e1n otorgando para mediados del a\u00f1o 2021. En tal sentido plantee un proyecto al Concejo y notas al DEM para acelerar los turnos.<\/p>\n\n\n\n<figure class=\"wp-block-image size-large is-resized\"><img loading=\"lazy\" decoding=\"async\" src=\"https:\/\/www.almargenweb.com.ar\/web\/wp-content\/uploads\/2020\/10\/unnamed-4.jpg\" alt=\"\" class=\"wp-image-30011\" width=\"503\" height=\"377\" srcset=\"https:\/\/www.almargenweb.com.ar\/web\/wp-content\/uploads\/2020\/10\/unnamed-4.jpg 512w, https:\/\/www.almargenweb.com.ar\/web\/wp-content\/uploads\/2020\/10\/unnamed-4-300x225.jpg 300w\" sizes=\"auto, (max-width: 503px) 100vw, 503px\" \/><figcaption>Los turnos otorgados en tiempos razonables, cuidando la salud del solicitante.<\/figcaption><\/figure>\n\n\n\n<p>Capacitaci\u00f3n Virtual para las Licencias: Tenemos que aprovechar las nuevas oportunidades. Entre ella la virtualidad, que lleg\u00f3 para quedarse y se ve reflejada en numerosos \u00e1mbitos. La utilidad de las herramientas virtuales posibilita su implementaci\u00f3n en las capacitaciones para la licencia de conducir, dada la celeridad que presenta, la cantidad de asistentes que pueden participar y la agilidad. A trav\u00e9s de mismo proyecto y las notas presentadas solicita que se desarrollen e implementen capacitaciones y ex\u00e1menes virtuales, tanto para para la obtenci\u00f3n por primera vez y renovaci\u00f3n.<\/p>\n\n\n\n<figure class=\"wp-block-image size-large\"><img loading=\"lazy\" decoding=\"async\" width=\"800\" height=\"565\" src=\"https:\/\/www.almargenweb.com.ar\/web\/wp-content\/uploads\/2020\/10\/850x565_20200523070125conductor.jpg\" alt=\"\" class=\"wp-image-30012\" srcset=\"https:\/\/www.almargenweb.com.ar\/web\/wp-content\/uploads\/2020\/10\/850x565_20200523070125conductor.jpg 800w, https:\/\/www.almargenweb.com.ar\/web\/wp-content\/uploads\/2020\/10\/850x565_20200523070125conductor-300x212.jpg 300w, https:\/\/www.almargenweb.com.ar\/web\/wp-content\/uploads\/2020\/10\/850x565_20200523070125conductor-768x542.jpg 768w\" sizes=\"auto, (max-width: 800px) 100vw, 800px\" \/><figcaption>Capacitaci\u00f3n virtual que ayude al ciudadano a respetar las normas de transito desde la la conciencia social.<\/figcaption><\/figure>\n\n\n\n<p>Cuidar a las personas que concurren: Propongo mejores condiciones para proteger de las inclemencias clim\u00e1ticas a los concurrentes que realizan los tr\u00e1mites en la secci\u00f3n de otorgamiento de carnet de conducir. Hoy los que concurren soportan el calor y otras inclemencias clim\u00e1ticas debido a que por el COVID-19 la fila debe ser realizada en el exterior.<\/p>\n\n\n\n<figure class=\"wp-block-image size-large is-resized\"><img loading=\"lazy\" decoding=\"async\" src=\"https:\/\/www.almargenweb.com.ar\/web\/wp-content\/uploads\/2020\/10\/Masks-Epidemic-750x516-1.jpg\" alt=\"\" class=\"wp-image-30013\" width=\"323\" height=\"222\"\/><figcaption>Cuidad al solicitante en la &#8220;nueva normalidad&#8221;<\/figcaption><\/figure>\n\n\n\n<p><\/p>\n<!-- AddThis Advanced Settings generic via filter on the_content --><!-- AddThis Share Buttons generic via filter on the_content -->","protected":false},"excerpt":{"rendered":"<p>Rodrigo Muller explico la necesidad de modificar y agilizar el tr\u00e1mite al momento de la obtenci\u00f3n [&hellip;]<!-- AddThis Advanced Settings generic via filter on get_the_excerpt --><!-- AddThis Share Buttons generic via filter on get_the_excerpt --><\/p>\n","protected":false},"author":16,"featured_media":29546,"comment_status":"open","ping_status":"open","sticky":false,"template":"","format":"standard","meta":{"_seopress_robots_primary_cat":"","_seopress_titles_title":"","_seopress_titles_desc":"","_seopress_robots_index":"","_themeisle_gutenberg_block_has_review":false,"footnotes":""},"categories":[2,47,317],"tags":[472,470,473,471],"class_list":["post-30009","post","type-post","status-publish","format-standard","has-post-thumbnail","hentry","category-actualidad","category-locales","category-transporte","tag-carnetconducir","tag-muller","tag-normalidadpandemia","tag-renovacioncarnetconducir"],"_links":{"self":[{"href":"https:\/\/www.almargenweb.com.ar\/web\/wp-json\/wp\/v2\/posts\/30009","targetHints":{"allow":["GET"]}}],"collection":[{"href":"https:\/\/www.almargenweb.com.ar\/web\/wp-json\/wp\/v2\/posts"}],"about":[{"href":"https:\/\/www.almargenweb.com.ar\/web\/wp-json\/wp\/v2\/types\/post"}],"author":[{"embeddable":true,"href":"https:\/\/www.almargenweb.com.ar\/web\/wp-json\/wp\/v2\/users\/16"}],"replies":[{"embeddable":true,"href":"https:\/\/www.almargenweb.com.ar\/web\/wp-json\/wp\/v2\/comments?post=30009"}],"version-history":[{"count":2,"href":"https:\/\/www.almargenweb.com.ar\/web\/wp-json\/wp\/v2\/posts\/30009\/revisions"}],"predecessor-version":[{"id":30016,"href":"https:\/\/www.almargenweb.com.ar\/web\/wp-json\/wp\/v2\/posts\/30009\/revisions\/30016"}],"wp:featuredmedia":[{"embeddable":true,"href":"https:\/\/www.almargenweb.com.ar\/web\/wp-json\/wp\/v2\/media\/29546"}],"wp:attachment":[{"href":"https:\/\/www.almargenweb.com.ar\/web\/wp-json\/wp\/v2\/media?parent=30009"}],"wp:term":[{"taxonomy":"category","embeddable":true,"href":"https:\/\/www.almargenweb.com.ar\/web\/wp-json\/wp\/v2\/categories?post=30009"},{"taxonomy":"post_tag","embeddable":true,"href":"https:\/\/www.almargenweb.com.ar\/web\/wp-json\/wp\/v2\/tags?post=30009"}],"curies":[{"name":"wp","href":"https:\/\/api.w.org\/{rel}","templated":true}]}}