{"id":29994,"date":"2020-10-12T11:32:22","date_gmt":"2020-10-12T14:32:22","guid":{"rendered":"http:\/\/www.almargenweb.com.ar\/web\/?p=29994"},"modified":"2020-10-12T11:32:23","modified_gmt":"2020-10-12T14:32:23","slug":"dia-del-respeto-a-la-diversidad-cultural","status":"publish","type":"post","link":"https:\/\/www.almargenweb.com.ar\/web\/dia-del-respeto-a-la-diversidad-cultural\/","title":{"rendered":"D\u00eda del Respeto a la Diversidad Cultural."},"content":{"rendered":"\n<p>En 1917 a partir de un decreto, se propone el 12 de octubre como el \u201cD\u00eda de la Raza\u201d en conmemoraci\u00f3n a la llegada de Europa occidental, por primera vez, a las Am\u00e9ricas. Actualmente, en otro contexto hist\u00f3rico, el 12 de octubre se propone como un d\u00eda de reflexi\u00f3n y re-lectura sobre la historia de nuestros pueblos originarios y desde ese entendimiento, tener la posibilidad de un canal de dialogo intercultural.<\/p>\n\n\n\n<p>En el a\u00f1o 2010, tras una solicitud de los Pueblos Ind\u00edgenas de Argentina, la Presidenta Cristina Fern\u00e1ndez firm\u00f3 el Decreto Presidencial N.\u00ba 1584\/2010 por el cual se modific\u00f3 la denominaci\u00f3n por &#8220;D\u00eda del Respeto a la Diversidad Cultural&#8221;, en sinton\u00eda con este objetivo de promover la reflexi\u00f3n hist\u00f3rica, el di\u00e1logo y la valoraci\u00f3n de las diferentes culturas, en el convencimiento de que todas las culturas deben estar en pie de igualdad.<\/p>\n\n\n\n<p>&#8220;Se modifica la denominaci\u00f3n del feriado del d\u00eda 12 de octubre, dotando a dicha fecha de un significado acorde al valor que asigna nuestra Constituci\u00f3n Nacional y diversos tratados y declaraciones de derechos humanos a la diversidad \u00e9tnica y cultural de todos los pueblos&#8221;, expresa puntualmente el decreto con el cual se revaloriza este 12 de octubre.<\/p>\n\n\n\n<figure class=\"wp-block-image size-large\"><img loading=\"lazy\" decoding=\"async\" width=\"1024\" height=\"522\" src=\"https:\/\/www.almargenweb.com.ar\/web\/wp-content\/uploads\/2020\/10\/unnamed-3-1024x522.jpg\" alt=\"\" class=\"wp-image-29996\" srcset=\"https:\/\/www.almargenweb.com.ar\/web\/wp-content\/uploads\/2020\/10\/unnamed-3-1024x522.jpg 1024w, https:\/\/www.almargenweb.com.ar\/web\/wp-content\/uploads\/2020\/10\/unnamed-3-300x153.jpg 300w, https:\/\/www.almargenweb.com.ar\/web\/wp-content\/uploads\/2020\/10\/unnamed-3-768x392.jpg 768w, https:\/\/www.almargenweb.com.ar\/web\/wp-content\/uploads\/2020\/10\/unnamed-3.jpg 1200w\" sizes=\"auto, (max-width: 1024px) 100vw, 1024px\" \/><figcaption>12 de Octubre; revalorizar nuestro pasado plurietnico (Foto, Telam)<\/figcaption><\/figure>\n\n\n\n<p>Cada 12 de octubre, se intenta fomentar la reflexi\u00f3n desde diferentes espacios con el objetivo de crear un di\u00e1logo intercultural que promueva los Derechos Humanos y la diversidad, reconociendo el valor pluri\u00e9tnico que atraviesa a nuestra Naci\u00f3n desde su conformaci\u00f3n hist\u00f3rica hasta hoy.<\/p>\n<!-- AddThis Advanced Settings generic via filter on the_content --><!-- AddThis Share Buttons generic via filter on the_content -->","protected":false},"excerpt":{"rendered":"<p>En 1917 a partir de un decreto, se propone el 12 de octubre como el \u201cD\u00eda [&hellip;]<!-- AddThis Advanced Settings generic via filter on get_the_excerpt --><!-- AddThis Share Buttons generic via filter on get_the_excerpt --><\/p>\n","protected":false},"author":16,"featured_media":29995,"comment_status":"open","ping_status":"open","sticky":false,"template":"","format":"standard","meta":{"_seopress_robots_primary_cat":"","_seopress_titles_title":"","_seopress_titles_desc":"","_seopress_robots_index":"","_themeisle_gutenberg_block_has_review":false,"footnotes":""},"categories":[2,3],"tags":[461,459,458,462,460],"class_list":["post-29994","post","type-post","status-publish","format-standard","has-post-thumbnail","hentry","category-actualidad","category-cultura","tag-cultura-2","tag-diversidad","tag-diversidadcultural","tag-intercultutal","tag-pueblosoriginarios"],"_links":{"self":[{"href":"https:\/\/www.almargenweb.com.ar\/web\/wp-json\/wp\/v2\/posts\/29994","targetHints":{"allow":["GET"]}}],"collection":[{"href":"https:\/\/www.almargenweb.com.ar\/web\/wp-json\/wp\/v2\/posts"}],"about":[{"href":"https:\/\/www.almargenweb.com.ar\/web\/wp-json\/wp\/v2\/types\/post"}],"author":[{"embeddable":true,"href":"https:\/\/www.almargenweb.com.ar\/web\/wp-json\/wp\/v2\/users\/16"}],"replies":[{"embeddable":true,"href":"https:\/\/www.almargenweb.com.ar\/web\/wp-json\/wp\/v2\/comments?post=29994"}],"version-history":[{"count":1,"href":"https:\/\/www.almargenweb.com.ar\/web\/wp-json\/wp\/v2\/posts\/29994\/revisions"}],"predecessor-version":[{"id":29997,"href":"https:\/\/www.almargenweb.com.ar\/web\/wp-json\/wp\/v2\/posts\/29994\/revisions\/29997"}],"wp:featuredmedia":[{"embeddable":true,"href":"https:\/\/www.almargenweb.com.ar\/web\/wp-json\/wp\/v2\/media\/29995"}],"wp:attachment":[{"href":"https:\/\/www.almargenweb.com.ar\/web\/wp-json\/wp\/v2\/media?parent=29994"}],"wp:term":[{"taxonomy":"category","embeddable":true,"href":"https:\/\/www.almargenweb.com.ar\/web\/wp-json\/wp\/v2\/categories?post=29994"},{"taxonomy":"post_tag","embeddable":true,"href":"https:\/\/www.almargenweb.com.ar\/web\/wp-json\/wp\/v2\/tags?post=29994"}],"curies":[{"name":"wp","href":"https:\/\/api.w.org\/{rel}","templated":true}]}}