{"id":29972,"date":"2020-10-08T17:19:58","date_gmt":"2020-10-08T20:19:58","guid":{"rendered":"http:\/\/www.almargenweb.com.ar\/web\/?p=29972"},"modified":"2020-10-08T17:19:59","modified_gmt":"2020-10-08T20:19:59","slug":"el-miercoles-se-inaugura-la-3-etapa-de-tribunales-de-san-cristobal-asi-lo-confirmo-el-senador-felipe-michlig","status":"publish","type":"post","link":"https:\/\/www.almargenweb.com.ar\/web\/el-miercoles-se-inaugura-la-3-etapa-de-tribunales-de-san-cristobal-asi-lo-confirmo-el-senador-felipe-michlig\/","title":{"rendered":"&#8220;El mi\u00e9rcoles se inaugura la 3\u00b0 etapa de tribunales de San Crist\u00f3bal&#8221; As\u00ed lo confirmo el senador Felipe Michlig."},"content":{"rendered":"\n<p>Este mi\u00e9rcoles el Senador Provincial Felipe Michlig acompa\u00f1\u00f3 al Intendente de la ciudad de San Crist\u00f3bal Horacio Rigo en la presentaci\u00f3n de la nueva pastera y tractor reparado a nuevo.<\/p>\n\n\n\n<p>En la oportunidad el legislador anunci\u00f3 que \u201cel mi\u00e9rcoles 14 de octubre se inaugura la 3era etapa de los Tribunales de la cabecera departamental\u201d.<\/p>\n\n\n\n<p>Durante el acto desarrollado en el patio del municipio tambi\u00e9n estuvieron presentes el Senador Suplente Edgardo Martino, el Diputado Marcelo Gonz\u00e1lez, el Pte. del concejo Carlos Cattaneo; los concejales Pablo Bonacina, Juan I. Capovilla; el cura p\u00e1rroco, miembros del PEM, trabajadores municipales, entre otros.<\/p>\n\n\n\n<p>Se inaugurar\u00e1 la 3\u00b0 etapa de los tribunale<\/p>\n\n\n\n<p>El Senador Michlig luego de felicitar al Intendente y a todo su equipo municipal \u201cpor la excelente gesti\u00f3n que lleva adelante\u201d, anunci\u00f3 que \u201choy estuvo el Secretario de la CSJ, Dr. Borda, y estuve en contacto con el Pte. de la CSJ, Dr. Rafael Guti\u00e9rrez, y me confirmaron que el pr\u00f3ximo mi\u00e9rcoles, a las 11,30 se inaugurar\u00e1 oficialmente la obra de la tercera etapa de los nuevos tribunales de San Crist\u00f3bal\u201d.<\/p>\n\n\n\n<figure class=\"wp-block-image size-large\"><img loading=\"lazy\" decoding=\"async\" width=\"1024\" height=\"969\" src=\"https:\/\/www.almargenweb.com.ar\/web\/wp-content\/uploads\/2020\/10\/felipe-fondora-1024x969.jpg\" alt=\"\" class=\"wp-image-29974\" srcset=\"https:\/\/www.almargenweb.com.ar\/web\/wp-content\/uploads\/2020\/10\/felipe-fondora-1024x969.jpg 1024w, https:\/\/www.almargenweb.com.ar\/web\/wp-content\/uploads\/2020\/10\/felipe-fondora-300x284.jpg 300w, https:\/\/www.almargenweb.com.ar\/web\/wp-content\/uploads\/2020\/10\/felipe-fondora-768x727.jpg 768w, https:\/\/www.almargenweb.com.ar\/web\/wp-content\/uploads\/2020\/10\/felipe-fondora.jpg 1140w\" sizes=\"auto, (max-width: 1024px) 100vw, 1024px\" \/><figcaption>&#8220;Esta es una obra muy esperada por todos nosotros&#8221; decia Michlig.<\/figcaption><\/figure>\n\n\n\n<p>\u201cEsta obra primero ha sido un sue\u00f1o, luego logramos que se convierta en un proyecto y hoy finalmente ya es una realidad. En esta Sede de excelencia -en lo edilicio- se concentrar\u00e1 toda la administraci\u00f3n y el servicio de justicia para todos los ciudadanos, para una mejor atenci\u00f3n y funcionamiento de todos los juzgados, del Ministerio de la Acusaci\u00f3n y dem\u00e1s dependencias\u201d, se\u00f1al\u00f3 Michlig.<\/p>\n\n\n\n<p>El Intendente Rigo explic\u00f3 respecto de la maquinaria presentada que \u201cesta pastera la adquirimos con fondos de Obras Menores, es una m\u00e1quina totalmente nueva adquirida en Chaco y ser\u00e1 de gran utilidad sobre todo ahora que empieza el calor. Tambi\u00e9n estamos presentando un tractor reparado gracias al personal del taller y secretarios del gabinete que vienen trabajando para recuperar esta unidad de sumo valor para las necesidades de la comunidad\u201d.<\/p>\n<!-- AddThis Advanced Settings generic via filter on the_content --><!-- AddThis Share Buttons generic via filter on the_content -->","protected":false},"excerpt":{"rendered":"<p>Este mi\u00e9rcoles el Senador Provincial Felipe Michlig acompa\u00f1\u00f3 al Intendente de la ciudad de San Crist\u00f3bal [&hellip;]<!-- AddThis Advanced Settings generic via filter on get_the_excerpt --><!-- AddThis Share Buttons generic via filter on get_the_excerpt --><\/p>\n","protected":false},"author":16,"featured_media":29973,"comment_status":"open","ping_status":"open","sticky":false,"template":"","format":"standard","meta":{"_seopress_robots_primary_cat":"","_seopress_titles_title":"","_seopress_titles_desc":"","_seopress_robots_index":"","_themeisle_gutenberg_block_has_review":false,"footnotes":""},"categories":[2,20,321],"tags":[],"class_list":["post-29972","post","type-post","status-publish","format-standard","has-post-thumbnail","hentry","category-actualidad","category-departamentales","category-san-cristobal"],"_links":{"self":[{"href":"https:\/\/www.almargenweb.com.ar\/web\/wp-json\/wp\/v2\/posts\/29972","targetHints":{"allow":["GET"]}}],"collection":[{"href":"https:\/\/www.almargenweb.com.ar\/web\/wp-json\/wp\/v2\/posts"}],"about":[{"href":"https:\/\/www.almargenweb.com.ar\/web\/wp-json\/wp\/v2\/types\/post"}],"author":[{"embeddable":true,"href":"https:\/\/www.almargenweb.com.ar\/web\/wp-json\/wp\/v2\/users\/16"}],"replies":[{"embeddable":true,"href":"https:\/\/www.almargenweb.com.ar\/web\/wp-json\/wp\/v2\/comments?post=29972"}],"version-history":[{"count":1,"href":"https:\/\/www.almargenweb.com.ar\/web\/wp-json\/wp\/v2\/posts\/29972\/revisions"}],"predecessor-version":[{"id":29975,"href":"https:\/\/www.almargenweb.com.ar\/web\/wp-json\/wp\/v2\/posts\/29972\/revisions\/29975"}],"wp:featuredmedia":[{"embeddable":true,"href":"https:\/\/www.almargenweb.com.ar\/web\/wp-json\/wp\/v2\/media\/29973"}],"wp:attachment":[{"href":"https:\/\/www.almargenweb.com.ar\/web\/wp-json\/wp\/v2\/media?parent=29972"}],"wp:term":[{"taxonomy":"category","embeddable":true,"href":"https:\/\/www.almargenweb.com.ar\/web\/wp-json\/wp\/v2\/categories?post=29972"},{"taxonomy":"post_tag","embeddable":true,"href":"https:\/\/www.almargenweb.com.ar\/web\/wp-json\/wp\/v2\/tags?post=29972"}],"curies":[{"name":"wp","href":"https:\/\/api.w.org\/{rel}","templated":true}]}}