{"id":29966,"date":"2020-10-08T11:49:51","date_gmt":"2020-10-08T14:49:51","guid":{"rendered":"http:\/\/www.almargenweb.com.ar\/web\/?p=29966"},"modified":"2020-10-08T11:49:52","modified_gmt":"2020-10-08T14:49:52","slug":"emotivo-acto-por-los-150-anos-de-frack","status":"publish","type":"post","link":"https:\/\/www.almargenweb.com.ar\/web\/emotivo-acto-por-los-150-anos-de-frack\/","title":{"rendered":"Emotivo acto por los 150 a\u00f1os de Frack."},"content":{"rendered":"\n<p>Ayer mi\u00e9rcoles esta localidad del departamento Las Colonias, celebro sus 150 a\u00f1os de vida con un sentido acto sobre la explanada de la parroquia Nuestra Se\u00f1ora del Rosario.<\/p>\n\n\n\n<p>Si bien se especula que la fundaci\u00f3n de Franck fue el 27 de septiembre de 1870, no existe registro alguno de la fecha exacta; solo se estima que la Colonia comenz\u00f3 como tal cuando llegaron los primeros colonos en octubre de 1870. Esa primitiva poblaci\u00f3n se compon\u00eda de 105 italianos, 35 suizos y 22 franceses (datos referidos al a\u00f1o 1872).<\/p>\n\n\n\n<p>Esta y otras historias se pudieron ver y escuchar ayer durante la conmemoraci\u00f3n del cent\u00e9simo quincuag\u00e9simo aniversario de su fundaci\u00f3n.<\/p>\n\n\n\n<p>El intendente comunal, el Sr. Javier Enrico, se\u00f1al\u00f3 que los vecinos de Franck est\u00e1n muy orgulloso de su pueblo. \u201cSiempre buscamos innovar y trabajar en mejorar lo que se hizo. Es una marca que tenemos con nuestro grupo de trabajo y la llevamos adelante. Quiero agradecer a toda la comunidad, y a todos los que han pasado por Franck en estos 150 a\u00f1os\u201d<\/p>\n\n\n\n<figure class=\"wp-block-image size-large is-resized\"><img loading=\"lazy\" decoding=\"async\" src=\"https:\/\/www.almargenweb.com.ar\/web\/wp-content\/uploads\/2020\/10\/unnamed-2.jpg\" alt=\"\" class=\"wp-image-29969\" width=\"565\" height=\"376\" srcset=\"https:\/\/www.almargenweb.com.ar\/web\/wp-content\/uploads\/2020\/10\/unnamed-2.jpg 512w, https:\/\/www.almargenweb.com.ar\/web\/wp-content\/uploads\/2020\/10\/unnamed-2-300x200.jpg 300w\" sizes=\"auto, (max-width: 565px) 100vw, 565px\" \/><figcaption>El acto central se realizo en la explanada de la parroquia Nuestra se\u00f1ora del Rosario.<\/figcaption><\/figure>\n\n\n\n<p>Dado el estado de emergencia sanitaria, no se realiz\u00f3 el tradicional desfile de instituciones. El acto s\u00f3lo se desarroll\u00f3 con la presencia de autoridades comunales y un representante de cada instituci\u00f3n intermedia. En este sentido, la diputada provincial por el bloque radical Cpn. Jimena Senn, hizo entrega de la Declaraci\u00f3n de Inter\u00e9s de la C\u00e1mara legislativa.<\/p>\n\n\n\n<p>Las alternativas del acto fueron seguidas por los franckinos via streaming, pudiendo disfrutar de las im\u00e1genes que reflejaban la inauguraci\u00f3n de la Galer\u00eda de los Presidentes en la Comuna local, y el homenaje a todos los ex-presidentes que aportaron desde la gesti\u00f3n p\u00fablica. <\/p>\n\n\n\n<figure class=\"wp-block-image size-large\"><img loading=\"lazy\" decoding=\"async\" width=\"900\" height=\"600\" src=\"https:\/\/www.almargenweb.com.ar\/web\/wp-content\/uploads\/2020\/10\/IMG-20201007-WA0031-1.jpg\" alt=\"\" class=\"wp-image-29970\" srcset=\"https:\/\/www.almargenweb.com.ar\/web\/wp-content\/uploads\/2020\/10\/IMG-20201007-WA0031-1.jpg 900w, https:\/\/www.almargenweb.com.ar\/web\/wp-content\/uploads\/2020\/10\/IMG-20201007-WA0031-1-300x200.jpg 300w, https:\/\/www.almargenweb.com.ar\/web\/wp-content\/uploads\/2020\/10\/IMG-20201007-WA0031-1-768x512.jpg 768w\" sizes=\"auto, (max-width: 900px) 100vw, 900px\" \/><figcaption>Imagen de la Virgen de Nuestra Se\u00f1ora del rosario.<\/figcaption><\/figure>\n\n\n\n<p>Luego del acto, los vecinos de Franck pudieron unirse a la caravana de feligreses que acampanaron la imagen de la Virgen de Nuestra Se\u00f1ora del Rosario, por las calles del pueblo, cumpliendo con los protocolos sanitarios recomendados.<\/p>\n<!-- AddThis Advanced Settings generic via filter on the_content --><!-- AddThis Share Buttons generic via filter on the_content -->","protected":false},"excerpt":{"rendered":"<p>Ayer mi\u00e9rcoles esta localidad del departamento Las Colonias, celebro sus 150 a\u00f1os de vida con un [&hellip;]<!-- AddThis Advanced Settings generic via filter on get_the_excerpt --><!-- AddThis Share Buttons generic via filter on get_the_excerpt --><\/p>\n","protected":false},"author":16,"featured_media":29967,"comment_status":"open","ping_status":"open","sticky":false,"template":"","format":"standard","meta":{"_seopress_robots_primary_cat":"","_seopress_titles_title":"","_seopress_titles_desc":"","_seopress_robots_index":"","_themeisle_gutenberg_block_has_review":false,"footnotes":""},"categories":[2,20,28,21,29],"tags":[444,443,442,402],"class_list":["post-29966","post","type-post","status-publish","format-standard","has-post-thumbnail","hentry","category-actualidad","category-departamentales","category-fiestas","category-las-colonias","category-regionales","tag-fiestaspatronales","tag-fiestaspopulares","tag-frank","tag-lascolonias-2"],"_links":{"self":[{"href":"https:\/\/www.almargenweb.com.ar\/web\/wp-json\/wp\/v2\/posts\/29966","targetHints":{"allow":["GET"]}}],"collection":[{"href":"https:\/\/www.almargenweb.com.ar\/web\/wp-json\/wp\/v2\/posts"}],"about":[{"href":"https:\/\/www.almargenweb.com.ar\/web\/wp-json\/wp\/v2\/types\/post"}],"author":[{"embeddable":true,"href":"https:\/\/www.almargenweb.com.ar\/web\/wp-json\/wp\/v2\/users\/16"}],"replies":[{"embeddable":true,"href":"https:\/\/www.almargenweb.com.ar\/web\/wp-json\/wp\/v2\/comments?post=29966"}],"version-history":[{"count":1,"href":"https:\/\/www.almargenweb.com.ar\/web\/wp-json\/wp\/v2\/posts\/29966\/revisions"}],"predecessor-version":[{"id":29971,"href":"https:\/\/www.almargenweb.com.ar\/web\/wp-json\/wp\/v2\/posts\/29966\/revisions\/29971"}],"wp:featuredmedia":[{"embeddable":true,"href":"https:\/\/www.almargenweb.com.ar\/web\/wp-json\/wp\/v2\/media\/29967"}],"wp:attachment":[{"href":"https:\/\/www.almargenweb.com.ar\/web\/wp-json\/wp\/v2\/media?parent=29966"}],"wp:term":[{"taxonomy":"category","embeddable":true,"href":"https:\/\/www.almargenweb.com.ar\/web\/wp-json\/wp\/v2\/categories?post=29966"},{"taxonomy":"post_tag","embeddable":true,"href":"https:\/\/www.almargenweb.com.ar\/web\/wp-json\/wp\/v2\/tags?post=29966"}],"curies":[{"name":"wp","href":"https:\/\/api.w.org\/{rel}","templated":true}]}}