{"id":29962,"date":"2020-10-08T08:09:10","date_gmt":"2020-10-08T11:09:10","guid":{"rendered":"http:\/\/www.almargenweb.com.ar\/web\/?p=29962"},"modified":"2020-10-08T08:09:11","modified_gmt":"2020-10-08T11:09:11","slug":"jimena-senn-solicito-la-creacion-de-un-juzgado-de-primera-instancia-en-lo-laboral-en-la-ciudad-de-esperanza","status":"publish","type":"post","link":"https:\/\/www.almargenweb.com.ar\/web\/jimena-senn-solicito-la-creacion-de-un-juzgado-de-primera-instancia-en-lo-laboral-en-la-ciudad-de-esperanza\/","title":{"rendered":"Jimena Senn solicit\u00f3 la creaci\u00f3n de un Juzgado de Primera Instancia en lo Laboral en la ciudad de Esperanza."},"content":{"rendered":"\n<p>La diputada provincial present\u00f3 un proyecto de ley que busca descomprimir los juzgados existentes y darle mayor celeridad a las causas laborales.<\/p>\n\n\n\n<p>La diputada provincial, Jimena Senn, present\u00f3 un proyecto de ley para la creaci\u00f3n de un Juzgado de Primera Instancia de Distrito en lo Laboral, en el Distrito N\u00ba 19 de la provincia, con sede en la ciudad de Esperanza.<\/p>\n\n\n\n<p>Al respecto, Senn expres\u00f3 que \u201cactualmente una persona del departamento Las Colonias que realiza un reclamo laboral debe esperar muchos meses para llegar a la primera audiencia y esa demora, en el contexto econ\u00f3mico que atraviesa el pa\u00eds, representa un gran problema para cualquier trabajador que ve afectada su fuente de ingreso\u201d.<\/p>\n\n\n\n<p>\u201cEstos retrasos se producen ya que las causas laborales son distribuidas en los dos Juzgados que existen en la ciudad de Esperanza (de Circuito y de Distrito) que, a su vez, reciben causas civiles y comerciales, lo que genera un cuello de botella, debido a que los juzgados no tienen la capacidad de responder a todos los litigios en el corto tiempo\u201d.<\/p>\n\n\n\n<p>\u201cLa creaci\u00f3n de un Juzgado Laboral descomprimir\u00eda los juzgados existentes (las causas laborales representan un 40% del total que se tramitan en el Juzgado de Distrito), le dar\u00eda la celeridad que requieren las causas laborales y le permitir\u00eda al juez a cargo especializarse en la materia. Todo esto permitir\u00eda optimizar el sistema de justicia local para el beneficio de todos los ciudadanos y ciudadanas\u201d, a\u00f1adi\u00f3 Senn.<\/p>\n\n\n\n<figure class=\"wp-block-image size-large\"><img loading=\"lazy\" decoding=\"async\" width=\"1024\" height=\"683\" src=\"https:\/\/www.almargenweb.com.ar\/web\/wp-content\/uploads\/2020\/09\/0P1A3905-1024x683.jpg\" alt=\"\" class=\"wp-image-29844\" srcset=\"https:\/\/www.almargenweb.com.ar\/web\/wp-content\/uploads\/2020\/09\/0P1A3905-1024x683.jpg 1024w, https:\/\/www.almargenweb.com.ar\/web\/wp-content\/uploads\/2020\/09\/0P1A3905-300x200.jpg 300w, https:\/\/www.almargenweb.com.ar\/web\/wp-content\/uploads\/2020\/09\/0P1A3905-768x512.jpg 768w, https:\/\/www.almargenweb.com.ar\/web\/wp-content\/uploads\/2020\/09\/0P1A3905.jpg 1200w\" sizes=\"auto, (max-width: 1024px) 100vw, 1024px\" \/><figcaption>&#8220;La creaci\u00f3n de un Juzgado Laboral permitir\u00eda optimizar el sistema de justicia local para el beneficio de todos los ciudadanos y ciudadanas\u201d.<\/figcaption><\/figure>\n\n\n\n<p>Finalmente, la diputada expres\u00f3 que \u201cestamos abiertos a debatir distintas alternativas al proyecto con el objetivo fundamental de continuar mejorando el servicio de Justicia para la ciudad de Esperanza y el departamento Las Colonias\u201d.<\/p>\n\n\n\n<p>ANTECEDENTES<\/p>\n\n\n\n<p>El 29 de noviembre de 2007 se sancion\u00f3 la Ley N\u00ba 12843, mediante la cual se creo el Juzgado de Distrito en lo Civil, Comercial y Laboral N\u00ba 19, con sede en la citada ciudad de Esperanza. En el mes de abril de 2011 se puso en funcionamiento el fuero creado, habi\u00e9ndose realizado, adem\u00e1s, una reorganizaci\u00f3n y refuncionalizaci\u00f3n del ya existente Juzgado de Circuito Nro. 19, otorgando una estructura acorde al nuevo Juzgado de Distrito.<\/p>\n\n\n\n<p>Todo ello se enmarc\u00f3 en el denominado Plan Integral de Obras llevado a cabo por el Poder Judicial, con pleno apoyo del por entonces Gobierno de la provincia, habi\u00e9ndose llevado adelante una importante readecuaci\u00f3n y puesta en valor del inmueble en donde funcionan ambos Juzgados; lo que redund\u00f3 en un mejor acceso y mayores comodidades para quienes requieren el servicio de justicia, as\u00ed como mejores condiciones para que \u00e9ste sea brindado adecuadamente.-<\/p>\n\n\n\n<p>Habiendo transcurrido casi trece a\u00f1os desde la sanci\u00f3n de la Ley 12843 y nueve desde la puesta en funcionamiento del referido Juzgado y en virtud de las mayores demandas existentes -fruto de diversos factores entre los que vale resaltar el gran crecimiento demogr\u00e1fico del departamento Las Colonias, segundo en este sentido dentro de la geograf\u00eda provincial-, resulta indispensable revisar la amplia competencia por materia que se le otorgara originariamente.<\/p>\n<!-- AddThis Advanced Settings generic via filter on the_content --><!-- AddThis Share Buttons generic via filter on the_content -->","protected":false},"excerpt":{"rendered":"<p>La diputada provincial present\u00f3 un proyecto de ley que busca descomprimir los juzgados existentes y darle [&hellip;]<!-- AddThis Advanced Settings generic via filter on get_the_excerpt --><!-- AddThis Share Buttons generic via filter on get_the_excerpt --><\/p>\n","protected":false},"author":16,"featured_media":29963,"comment_status":"open","ping_status":"open","sticky":false,"template":"","format":"standard","meta":{"_seopress_robots_primary_cat":"","_seopress_titles_title":"","_seopress_titles_desc":"","_seopress_robots_index":"","_themeisle_gutenberg_block_has_review":false,"footnotes":""},"categories":[20,21,47,9],"tags":[425,432,439,440,441,402],"class_list":["post-29962","post","type-post","status-publish","format-standard","has-post-thumbnail","hentry","category-departamentales","category-las-colonias","category-locales","category-politica","tag-bloqueradical","tag-esperanza-2","tag-jimenasenn-2","tag-juzgadoprimerainstancia","tag-laboral","tag-lascolonias-2"],"_links":{"self":[{"href":"https:\/\/www.almargenweb.com.ar\/web\/wp-json\/wp\/v2\/posts\/29962","targetHints":{"allow":["GET"]}}],"collection":[{"href":"https:\/\/www.almargenweb.com.ar\/web\/wp-json\/wp\/v2\/posts"}],"about":[{"href":"https:\/\/www.almargenweb.com.ar\/web\/wp-json\/wp\/v2\/types\/post"}],"author":[{"embeddable":true,"href":"https:\/\/www.almargenweb.com.ar\/web\/wp-json\/wp\/v2\/users\/16"}],"replies":[{"embeddable":true,"href":"https:\/\/www.almargenweb.com.ar\/web\/wp-json\/wp\/v2\/comments?post=29962"}],"version-history":[{"count":1,"href":"https:\/\/www.almargenweb.com.ar\/web\/wp-json\/wp\/v2\/posts\/29962\/revisions"}],"predecessor-version":[{"id":29965,"href":"https:\/\/www.almargenweb.com.ar\/web\/wp-json\/wp\/v2\/posts\/29962\/revisions\/29965"}],"wp:featuredmedia":[{"embeddable":true,"href":"https:\/\/www.almargenweb.com.ar\/web\/wp-json\/wp\/v2\/media\/29963"}],"wp:attachment":[{"href":"https:\/\/www.almargenweb.com.ar\/web\/wp-json\/wp\/v2\/media?parent=29962"}],"wp:term":[{"taxonomy":"category","embeddable":true,"href":"https:\/\/www.almargenweb.com.ar\/web\/wp-json\/wp\/v2\/categories?post=29962"},{"taxonomy":"post_tag","embeddable":true,"href":"https:\/\/www.almargenweb.com.ar\/web\/wp-json\/wp\/v2\/tags?post=29962"}],"curies":[{"name":"wp","href":"https:\/\/api.w.org\/{rel}","templated":true}]}}