{"id":29950,"date":"2020-10-06T17:13:35","date_gmt":"2020-10-06T20:13:35","guid":{"rendered":"http:\/\/www.almargenweb.com.ar\/web\/?p=29950"},"modified":"2020-10-06T17:13:36","modified_gmt":"2020-10-06T20:13:36","slug":"pullaro-advirtio-que-el-peronismo-va-por-todo-sin-freno","status":"publish","type":"post","link":"https:\/\/www.almargenweb.com.ar\/web\/pullaro-advirtio-que-el-peronismo-va-por-todo-sin-freno\/","title":{"rendered":"Pullaro advirti\u00f3 que &#8220;El peronismo va por todo, sin freno&#8221;"},"content":{"rendered":"\n<p>En una entrevista brindada al diario El Litoral, en su edici\u00f3n impresa, el presidente del bloque de diputados provinciales de la UCR Maximiliano Pullaro expreso su preocupaci\u00f3n sobre el desarrollo de las gestiones del peronismo en la naci\u00f3n y en la provincia.<\/p>\n\n\n\n<p>En este marco, Pullaro sentencio que el \u201cperonismo esta en modo K y eso es grave para un funcionamiento institucional en tiempos de crisis\u201d<\/p>\n\n\n\n<p>Sobre esto ultimo, el dirigente radical resalto que  \u201cEstamos en crisis sanitaria, econ\u00f3mica y social, y el peronismo se endurece en vez de buscar acuerdos institucionales. Caminamos hacia el precipicio y quienes conducen aceleran, y nadie cerca parece querer frenar\u201d, y agreg\u00f3, \u201cEsto va a empeorar (por la situaci\u00f3n general), y el gobierno peronista supone que la confrontaci\u00f3n es la soluci\u00f3n\u201d.<\/p>\n\n\n\n<p>Asimismo, el legislador radical asegur\u00f3, \u201cTanto Alberto Fern\u00e1ndez como Omar Perotti est\u00e1n decepcionando a quienes los votaron y a quienes no los votamos. Cre\u00edamos que actuar\u00edan distinto, que incluso ser\u00edan m\u00e1s solidarios con los sectores de la producci\u00f3n y el comercio. No asistieron econ\u00f3micamente a quienes le pidieron que dejen de producir y vender, y ni hablar del veto del gobernador a docentes reemplazantes o el freno a todas las iniciativas que impulsamos desde la oposici\u00f3n\u201d.<\/p>\n\n\n\n<p>Finalmente, Pullaro se refiri\u00f3 a la gesti\u00f3n de Perotti en Santa fe que \u201csumado a esos objetivos que no nos representan, y a una parte de la oposici\u00f3n que hasta el momento parece solo interesada en tirar m\u00e1s nafta a la crisis. Esto genera un combo muy negativo que se debe revertir\u201d<\/p>\n<!-- AddThis Advanced Settings generic via filter on the_content --><!-- AddThis Share Buttons generic via filter on the_content -->","protected":false},"excerpt":{"rendered":"<p>En una entrevista brindada al diario El Litoral, en su edici\u00f3n impresa, el presidente del bloque [&hellip;]<!-- AddThis Advanced Settings generic via filter on get_the_excerpt --><!-- AddThis Share Buttons generic via filter on get_the_excerpt --><\/p>\n","protected":false},"author":16,"featured_media":29951,"comment_status":"open","ping_status":"open","sticky":false,"template":"","format":"standard","meta":{"_seopress_robots_primary_cat":"","_seopress_titles_title":"","_seopress_titles_desc":"","_seopress_robots_index":"","_themeisle_gutenberg_block_has_review":false,"footnotes":""},"categories":[2],"tags":[426,427,425],"class_list":["post-29950","post","type-post","status-publish","format-standard","has-post-thumbnail","hentry","category-actualidad","tag-adrianpullaro","tag-analisispolitico","tag-bloqueradical"],"_links":{"self":[{"href":"https:\/\/www.almargenweb.com.ar\/web\/wp-json\/wp\/v2\/posts\/29950","targetHints":{"allow":["GET"]}}],"collection":[{"href":"https:\/\/www.almargenweb.com.ar\/web\/wp-json\/wp\/v2\/posts"}],"about":[{"href":"https:\/\/www.almargenweb.com.ar\/web\/wp-json\/wp\/v2\/types\/post"}],"author":[{"embeddable":true,"href":"https:\/\/www.almargenweb.com.ar\/web\/wp-json\/wp\/v2\/users\/16"}],"replies":[{"embeddable":true,"href":"https:\/\/www.almargenweb.com.ar\/web\/wp-json\/wp\/v2\/comments?post=29950"}],"version-history":[{"count":1,"href":"https:\/\/www.almargenweb.com.ar\/web\/wp-json\/wp\/v2\/posts\/29950\/revisions"}],"predecessor-version":[{"id":29952,"href":"https:\/\/www.almargenweb.com.ar\/web\/wp-json\/wp\/v2\/posts\/29950\/revisions\/29952"}],"wp:featuredmedia":[{"embeddable":true,"href":"https:\/\/www.almargenweb.com.ar\/web\/wp-json\/wp\/v2\/media\/29951"}],"wp:attachment":[{"href":"https:\/\/www.almargenweb.com.ar\/web\/wp-json\/wp\/v2\/media?parent=29950"}],"wp:term":[{"taxonomy":"category","embeddable":true,"href":"https:\/\/www.almargenweb.com.ar\/web\/wp-json\/wp\/v2\/categories?post=29950"},{"taxonomy":"post_tag","embeddable":true,"href":"https:\/\/www.almargenweb.com.ar\/web\/wp-json\/wp\/v2\/tags?post=29950"}],"curies":[{"name":"wp","href":"https:\/\/api.w.org\/{rel}","templated":true}]}}