{"id":29941,"date":"2020-10-06T09:58:37","date_gmt":"2020-10-06T12:58:37","guid":{"rendered":"http:\/\/www.almargenweb.com.ar\/web\/?p=29941"},"modified":"2020-10-06T09:58:38","modified_gmt":"2020-10-06T12:58:38","slug":"cazador-de-aves-descubierto-con-jaulas-en-esperanza","status":"publish","type":"post","link":"https:\/\/www.almargenweb.com.ar\/web\/cazador-de-aves-descubierto-con-jaulas-en-esperanza\/","title":{"rendered":"CAZADOR DE AVES DESCUBIERTO CON JAULAS EN ESPERANZA"},"content":{"rendered":"\n<p>A partir de una denuncia efectuada por un vecino de la zona rural de Esperanza, descubren &#8220;in fraganti&#8221; un cazador de aves, este lunes por la tarde.<\/p>\n\n\n\n<p>En inmediaciones de la ruta 6, sobre un camino rural, se llevo a cabo un operativo que cont\u00f3 con la colaboraci\u00f3n del comando radioel\u00e9ctrico de la ciudad y efectivos de la Guardia Rural \u201cLos Pumas\u201d. En el lugar de los hechos tambi\u00e9n se encontraba el guarda faunas de Esperanza, el se\u00f1or Juan Mart\u00edn Mastropaolo.<\/p>\n\n\n\n<p>En declaraciones a medios locales, el funcionario provincial, dio detalles de los elementos secuestrados. Tambien brindo detalles sobre las aves encontradas en cautiverio listas para ser comercializadas, que posteriormente fueron liberadas respetando sus caracter\u00edsticas de habitad ecol\u00f3gico.<\/p>\n\n\n\n<figure class=\"wp-block-image size-large\"><img loading=\"lazy\" decoding=\"async\" width=\"1024\" height=\"683\" src=\"https:\/\/www.almargenweb.com.ar\/web\/wp-content\/uploads\/2020\/10\/DATA_ART_4678622_1579221836-1024x683.jpg\" alt=\"\" class=\"wp-image-29943\" srcset=\"https:\/\/www.almargenweb.com.ar\/web\/wp-content\/uploads\/2020\/10\/DATA_ART_4678622_1579221836-1024x683.jpg 1024w, https:\/\/www.almargenweb.com.ar\/web\/wp-content\/uploads\/2020\/10\/DATA_ART_4678622_1579221836-300x200.jpg 300w, https:\/\/www.almargenweb.com.ar\/web\/wp-content\/uploads\/2020\/10\/DATA_ART_4678622_1579221836-768x512.jpg 768w, https:\/\/www.almargenweb.com.ar\/web\/wp-content\/uploads\/2020\/10\/DATA_ART_4678622_1579221836.jpg 1072w\" sizes=\"auto, (max-width: 1024px) 100vw, 1024px\" \/><figcaption>Las aves fueron liberadas respetando su habitad ecol\u00f3gico.<\/figcaption><\/figure>\n\n\n\n<p>Si bien el cazador logro escapar, por estas horas siguen las investigaciones y su b\u00fasqueda.<\/p>\n\n\n\n<p>El cardenilla crestada (Paroaria coronata) o cardenal comun, son aves de facil comercializaci\u00f3n debido a su atractivo color. Su cotizaci\u00f3n en las grandes ciudades puede trepar un valor estimado que ronda los $5000.<\/p>\n\n\n\n<p>Su venta esta prohibida, al igual que su caza. Sin embargo, se lamentan estos episodios que son muy comunes en nuestra zona rural.<\/p>\n<!-- AddThis Advanced Settings generic via filter on the_content --><!-- AddThis Share Buttons generic via filter on the_content -->","protected":false},"excerpt":{"rendered":"<p>A partir de una denuncia efectuada por un vecino de la zona rural de Esperanza, descubren [&hellip;]<!-- AddThis Advanced Settings generic via filter on get_the_excerpt --><!-- AddThis Share Buttons generic via filter on get_the_excerpt --><\/p>\n","protected":false},"author":16,"featured_media":29942,"comment_status":"open","ping_status":"open","sticky":false,"template":"","format":"standard","meta":{"_seopress_robots_primary_cat":"","_seopress_titles_title":"","_seopress_titles_desc":"","_seopress_robots_index":"","_themeisle_gutenberg_block_has_review":false,"footnotes":""},"categories":[2,164,47],"tags":[415,418,416,419,402],"class_list":["post-29941","post","type-post","status-publish","format-standard","has-post-thumbnail","hentry","category-actualidad","category-ambiente","category-locales","tag-cardenales","tag-comercioilegal","tag-guardafauna","tag-guardiarural","tag-lascolonias-2"],"_links":{"self":[{"href":"https:\/\/www.almargenweb.com.ar\/web\/wp-json\/wp\/v2\/posts\/29941","targetHints":{"allow":["GET"]}}],"collection":[{"href":"https:\/\/www.almargenweb.com.ar\/web\/wp-json\/wp\/v2\/posts"}],"about":[{"href":"https:\/\/www.almargenweb.com.ar\/web\/wp-json\/wp\/v2\/types\/post"}],"author":[{"embeddable":true,"href":"https:\/\/www.almargenweb.com.ar\/web\/wp-json\/wp\/v2\/users\/16"}],"replies":[{"embeddable":true,"href":"https:\/\/www.almargenweb.com.ar\/web\/wp-json\/wp\/v2\/comments?post=29941"}],"version-history":[{"count":1,"href":"https:\/\/www.almargenweb.com.ar\/web\/wp-json\/wp\/v2\/posts\/29941\/revisions"}],"predecessor-version":[{"id":29944,"href":"https:\/\/www.almargenweb.com.ar\/web\/wp-json\/wp\/v2\/posts\/29941\/revisions\/29944"}],"wp:featuredmedia":[{"embeddable":true,"href":"https:\/\/www.almargenweb.com.ar\/web\/wp-json\/wp\/v2\/media\/29942"}],"wp:attachment":[{"href":"https:\/\/www.almargenweb.com.ar\/web\/wp-json\/wp\/v2\/media?parent=29941"}],"wp:term":[{"taxonomy":"category","embeddable":true,"href":"https:\/\/www.almargenweb.com.ar\/web\/wp-json\/wp\/v2\/categories?post=29941"},{"taxonomy":"post_tag","embeddable":true,"href":"https:\/\/www.almargenweb.com.ar\/web\/wp-json\/wp\/v2\/tags?post=29941"}],"curies":[{"name":"wp","href":"https:\/\/api.w.org\/{rel}","templated":true}]}}