{"id":29931,"date":"2020-10-05T13:01:18","date_gmt":"2020-10-05T16:01:18","guid":{"rendered":"http:\/\/www.almargenweb.com.ar\/web\/?p=29931"},"modified":"2020-10-05T13:04:39","modified_gmt":"2020-10-05T16:04:39","slug":"cuidar-los-recursos-denuncian-a-frigorifico-por-depredacion-en-el-rio-saldo","status":"publish","type":"post","link":"https:\/\/www.almargenweb.com.ar\/web\/cuidar-los-recursos-denuncian-a-frigorifico-por-depredacion-en-el-rio-saldo\/","title":{"rendered":"Cuidar los recursos; denuncian a frigor\u00edfico por depredaci\u00f3n en el R\u00edo Saldo."},"content":{"rendered":"\n<p>Seg\u00fan la denuncia efectuada por un grupo de lugare\u00f1os del departamento Las Colonias, los pescadores que arrasan el r\u00edo \u201ctrabajan para un frigor\u00edfico de Cayast\u00e1\u201d.<\/p>\n\n\n\n<p>La sequ\u00eda hist\u00f3rica que atraviesa nuestra regi\u00f3n se refleja en la baja, tambi\u00e9n hist\u00f3rica, que presenta el R\u00edo Salado. Falta lluvia porque est\u00e1n deforestando la Amazon\u00eda. Los r\u00edos m\u00e1s importantes se forman y alimentan de las lluvias. Si no llueve, no crecen. En este contexto l\u00fagubre, cuidar la reserva piscicola de la cuenca del Salado se vuelve fundamental para no acrecentar el exterminio de especies; como la del s\u00e1balo.<\/p>\n\n\n\n<p>Vecinos del departamento Las Colonias, permanecen en estado de alerta debido a la llegada de un grupo de pescadores al puente del R\u00edo Salado en jurisdicci\u00f3n del pueblo de Emilia. Denuncian que durante una semana de pesca \u201cse llevaron mas de diez mil s\u00e1balos, llegando a la altura de Santo Domingo\u201d detall\u00f3 un vecino.<\/p>\n\n\n\n<figure class=\"wp-block-image size-large\"><img loading=\"lazy\" decoding=\"async\" width=\"700\" height=\"350\" src=\"https:\/\/www.almargenweb.com.ar\/web\/wp-content\/uploads\/2020\/10\/tati2-700x350-1.jpg\" alt=\"\" class=\"wp-image-29933\" srcset=\"https:\/\/www.almargenweb.com.ar\/web\/wp-content\/uploads\/2020\/10\/tati2-700x350-1.jpg 700w, https:\/\/www.almargenweb.com.ar\/web\/wp-content\/uploads\/2020\/10\/tati2-700x350-1-300x150.jpg 300w\" sizes=\"auto, (max-width: 700px) 100vw, 700px\" \/><figcaption>Pesca indiscriminada de s\u00e1balos en el Rio Salado,jurisdicci\u00f3n Emilia.<\/figcaption><\/figure>\n\n\n\n<p>Seg\u00fan la gente del lugar, \u201cnadie hace nada a pesar de las denuncias y pruebas contundentes de los elementos utilizados en la pesca\u201d<\/p>\n\n\n\n<p>Este &#8220;elemento&#8221; del que se hace referencia es un Tramayo \u201ccuatro dedos\u201d. Sirve para extraer los peses del r\u00edo. La particularidad que tiene esta red es que esta tejida con un di\u00e1metro que no supera la longitud de cuatro o tres dedos, pudiendo extraer peses peque\u00f1os y cortando as\u00ed, el ciclo de crecimiento del s\u00e1balo. Es decir, se extraen peses muy j\u00f3venes.<\/p>\n\n\n\n<figure class=\"wp-block-image size-large\"><img loading=\"lazy\" decoding=\"async\" width=\"1024\" height=\"575\" src=\"https:\/\/www.almargenweb.com.ar\/web\/wp-content\/uploads\/2020\/10\/redes-de-pesca-3-y-4-dedos-mallas-de-pesca-D_NQ_NP_758374-MCO26325557255_112017-F-1024x575.jpg\" alt=\"\" class=\"wp-image-29934\" srcset=\"https:\/\/www.almargenweb.com.ar\/web\/wp-content\/uploads\/2020\/10\/redes-de-pesca-3-y-4-dedos-mallas-de-pesca-D_NQ_NP_758374-MCO26325557255_112017-F-1024x575.jpg 1024w, https:\/\/www.almargenweb.com.ar\/web\/wp-content\/uploads\/2020\/10\/redes-de-pesca-3-y-4-dedos-mallas-de-pesca-D_NQ_NP_758374-MCO26325557255_112017-F-300x169.jpg 300w, https:\/\/www.almargenweb.com.ar\/web\/wp-content\/uploads\/2020\/10\/redes-de-pesca-3-y-4-dedos-mallas-de-pesca-D_NQ_NP_758374-MCO26325557255_112017-F-768x431.jpg 768w, https:\/\/www.almargenweb.com.ar\/web\/wp-content\/uploads\/2020\/10\/redes-de-pesca-3-y-4-dedos-mallas-de-pesca-D_NQ_NP_758374-MCO26325557255_112017-F.jpg 1200w\" sizes=\"auto, (max-width: 1024px) 100vw, 1024px\" \/><figcaption>Redes utilizadas en la depredaci\u00f3n comercial del s\u00e1balo.<\/figcaption><\/figure>\n\n\n\n<p><\/p>\n<!-- AddThis Advanced Settings generic via filter on the_content --><!-- AddThis Share Buttons generic via filter on the_content -->","protected":false},"excerpt":{"rendered":"<p>Seg\u00fan la denuncia efectuada por un grupo de lugare\u00f1os del departamento Las Colonias, los pescadores que [&hellip;]<!-- AddThis Advanced Settings generic via filter on get_the_excerpt --><!-- AddThis Share Buttons generic via filter on get_the_excerpt --><\/p>\n","protected":false},"author":16,"featured_media":29932,"comment_status":"open","ping_status":"open","sticky":false,"template":"","format":"standard","meta":{"_seopress_robots_primary_cat":"","_seopress_titles_title":"","_seopress_titles_desc":"","_seopress_robots_index":"","_themeisle_gutenberg_block_has_review":false,"footnotes":""},"categories":[2],"tags":[410,402,411,409,408],"class_list":["post-29931","post","type-post","status-publish","format-standard","has-post-thumbnail","hentry","category-actualidad","tag-cuencadelsalado","tag-lascolonias-2","tag-pescaindiscriminada","tag-riosalado","tag-sabalo"],"_links":{"self":[{"href":"https:\/\/www.almargenweb.com.ar\/web\/wp-json\/wp\/v2\/posts\/29931","targetHints":{"allow":["GET"]}}],"collection":[{"href":"https:\/\/www.almargenweb.com.ar\/web\/wp-json\/wp\/v2\/posts"}],"about":[{"href":"https:\/\/www.almargenweb.com.ar\/web\/wp-json\/wp\/v2\/types\/post"}],"author":[{"embeddable":true,"href":"https:\/\/www.almargenweb.com.ar\/web\/wp-json\/wp\/v2\/users\/16"}],"replies":[{"embeddable":true,"href":"https:\/\/www.almargenweb.com.ar\/web\/wp-json\/wp\/v2\/comments?post=29931"}],"version-history":[{"count":2,"href":"https:\/\/www.almargenweb.com.ar\/web\/wp-json\/wp\/v2\/posts\/29931\/revisions"}],"predecessor-version":[{"id":29937,"href":"https:\/\/www.almargenweb.com.ar\/web\/wp-json\/wp\/v2\/posts\/29931\/revisions\/29937"}],"wp:featuredmedia":[{"embeddable":true,"href":"https:\/\/www.almargenweb.com.ar\/web\/wp-json\/wp\/v2\/media\/29932"}],"wp:attachment":[{"href":"https:\/\/www.almargenweb.com.ar\/web\/wp-json\/wp\/v2\/media?parent=29931"}],"wp:term":[{"taxonomy":"category","embeddable":true,"href":"https:\/\/www.almargenweb.com.ar\/web\/wp-json\/wp\/v2\/categories?post=29931"},{"taxonomy":"post_tag","embeddable":true,"href":"https:\/\/www.almargenweb.com.ar\/web\/wp-json\/wp\/v2\/tags?post=29931"}],"curies":[{"name":"wp","href":"https:\/\/api.w.org\/{rel}","templated":true}]}}