{"id":29886,"date":"2020-09-22T11:02:35","date_gmt":"2020-09-22T14:02:35","guid":{"rendered":"http:\/\/www.almargenweb.com.ar\/web\/?p=29886"},"modified":"2020-09-22T11:09:21","modified_gmt":"2020-09-22T14:09:21","slug":"incendio-en-departamento-las-colonias-deja-miles-de-pollos-muertos","status":"publish","type":"post","link":"https:\/\/www.almargenweb.com.ar\/web\/incendio-en-departamento-las-colonias-deja-miles-de-pollos-muertos\/","title":{"rendered":"Incendio en departamento Las Colonias deja miles de pollos muertos"},"content":{"rendered":"\n<p>Por motivos que aun son estudiados, ayer lunes se produjo un incendio en una planta av\u00edcola perteneciente a la firma San Andr\u00e9s, ubicada en Colonia San Agust\u00edn.<\/p>\n\n\n\n<p>Consecuencia de las llamas 20 mil pollos sin vida, perdidas materiales y da\u00f1os en el inmueble de la empresa.<\/p>\n\n\n\n<p>Aseguran que al momento del incendio, no se encontraba personal alguno dentro de las naves de producci\u00f3n, con lo cual no se lamentan vidas humanas.<\/p>\n\n\n\n<p class=\"has-text-align-center\">Bomberos Voluntarios de San Agust\u00edn trabajaron en el lugar del suceso logrando controlar las llamas, luego de un arduo trabajo de extinci\u00f3n.<\/p>\n\n\n\n<figure class=\"wp-block-image size-large\"><img loading=\"lazy\" decoding=\"async\" width=\"1024\" height=\"654\" src=\"https:\/\/www.almargenweb.com.ar\/web\/wp-content\/uploads\/2020\/09\/INCENDIO-POLLOS-1-1.jpeg\" alt=\"\" class=\"wp-image-29893\" srcset=\"https:\/\/www.almargenweb.com.ar\/web\/wp-content\/uploads\/2020\/09\/INCENDIO-POLLOS-1-1.jpeg 1024w, https:\/\/www.almargenweb.com.ar\/web\/wp-content\/uploads\/2020\/09\/INCENDIO-POLLOS-1-1-300x192.jpeg 300w, https:\/\/www.almargenweb.com.ar\/web\/wp-content\/uploads\/2020\/09\/INCENDIO-POLLOS-1-1-768x491.jpeg 768w\" sizes=\"auto, (max-width: 1024px) 100vw, 1024px\" \/><figcaption>Desde la empresa aseguran que no se lamentan vidas humanas.<\/figcaption><\/figure>\n\n\n\n<p class=\"has-text-align-center\"><\/p>\n\n\n\n<p>Fotos; El esperancino<\/p>\n<!-- AddThis Advanced Settings generic via filter on the_content --><!-- AddThis Share Buttons generic via filter on the_content -->","protected":false},"excerpt":{"rendered":"<p>Por motivos que aun son estudiados, ayer lunes se produjo un incendio en una planta av\u00edcola [&hellip;]<!-- AddThis Advanced Settings generic via filter on get_the_excerpt --><!-- AddThis Share Buttons generic via filter on get_the_excerpt --><\/p>\n","protected":false},"author":16,"featured_media":29888,"comment_status":"open","ping_status":"open","sticky":false,"template":"","format":"standard","meta":{"_seopress_robots_primary_cat":"","_seopress_titles_title":"","_seopress_titles_desc":"","_seopress_robots_index":"","_themeisle_gutenberg_block_has_review":false,"footnotes":""},"categories":[2],"tags":[406,403,405,404,402,407,401,400],"class_list":["post-29886","post","type-post","status-publish","format-standard","has-post-thumbnail","hentry","category-actualidad","tag-avesdecorral","tag-bienestaranimal","tag-bomberosvoluntarios","tag-incendio-2","tag-lascolonias-2","tag-produccionanimal","tag-sanagustin","tag-sanandres"],"_links":{"self":[{"href":"https:\/\/www.almargenweb.com.ar\/web\/wp-json\/wp\/v2\/posts\/29886","targetHints":{"allow":["GET"]}}],"collection":[{"href":"https:\/\/www.almargenweb.com.ar\/web\/wp-json\/wp\/v2\/posts"}],"about":[{"href":"https:\/\/www.almargenweb.com.ar\/web\/wp-json\/wp\/v2\/types\/post"}],"author":[{"embeddable":true,"href":"https:\/\/www.almargenweb.com.ar\/web\/wp-json\/wp\/v2\/users\/16"}],"replies":[{"embeddable":true,"href":"https:\/\/www.almargenweb.com.ar\/web\/wp-json\/wp\/v2\/comments?post=29886"}],"version-history":[{"count":3,"href":"https:\/\/www.almargenweb.com.ar\/web\/wp-json\/wp\/v2\/posts\/29886\/revisions"}],"predecessor-version":[{"id":29894,"href":"https:\/\/www.almargenweb.com.ar\/web\/wp-json\/wp\/v2\/posts\/29886\/revisions\/29894"}],"wp:featuredmedia":[{"embeddable":true,"href":"https:\/\/www.almargenweb.com.ar\/web\/wp-json\/wp\/v2\/media\/29888"}],"wp:attachment":[{"href":"https:\/\/www.almargenweb.com.ar\/web\/wp-json\/wp\/v2\/media?parent=29886"}],"wp:term":[{"taxonomy":"category","embeddable":true,"href":"https:\/\/www.almargenweb.com.ar\/web\/wp-json\/wp\/v2\/categories?post=29886"},{"taxonomy":"post_tag","embeddable":true,"href":"https:\/\/www.almargenweb.com.ar\/web\/wp-json\/wp\/v2\/tags?post=29886"}],"curies":[{"name":"wp","href":"https:\/\/api.w.org\/{rel}","templated":true}]}}