{"id":29863,"date":"2020-09-18T09:35:10","date_gmt":"2020-09-18T12:35:10","guid":{"rendered":"http:\/\/www.almargenweb.com.ar\/web\/?p=29863"},"modified":"2020-09-18T09:35:11","modified_gmt":"2020-09-18T12:35:11","slug":"alimentos-sin-tacc-diputados-radicales-quieren-legislar-sobre-el-tema","status":"publish","type":"post","link":"https:\/\/www.almargenweb.com.ar\/web\/alimentos-sin-tacc-diputados-radicales-quieren-legislar-sobre-el-tema\/","title":{"rendered":"Alimentos sin TACC: diputados radicales quieren legislar sobre el tema"},"content":{"rendered":"\n<h3 class=\"wp-block-heading\">Los integrantes del bloque UCR-NEO, Jimena Senn y Sergio \u201cChecho\u201d Basile, presentaron una bater\u00eda de proyectos complementarios para regular los precios e incorporar g\u00f3ndolas exclusivas de productos para cel\u00edacos en los supermercados de grandes superficies.<\/h3>\n\n\n\n<p>En este sentido, el legislador Sergio \u201cChecho\u201d Basile present\u00f3 un proyecto para que se implemente el uso de g\u00f3ndolas y heladeras provistas exclusivamente de alimentos libres de gluten. Adem\u00e1s, la normativa estipula que dichos espacios deben estar sectorizados e identificados con un cartel claramente visible que lleve la leyenda \u201cAlimentos sin T.A.C.C\u201d tal lo dispone la Ley Nacional 26588.Al respecto el diputado explic\u00f3 que \u201caquellos que tienen esta enfermedad son constantemente discriminados porque no todos los comercios tienen productos libres de gluten, ni disponen de los espacios adecuados para la venta de los mismos. Hay que tener en cuenta que los alimentos para cel\u00edacos no deben estar en contacto con otros productos que tengan prote\u00edna de trigo porque se pueden contaminar. Este proyecto de ley viene a brindar soluciones y herramientas concretas para que los productos libres de TACC tengan un espacio especial en los supermercados de grandes superficies\u201d.Asimismo -continu\u00f3 Basile- consideramos fundamental que supermercados e hipermercados publiquen una secci\u00f3n espec\u00edfica con productos para cel\u00edacos en las revistas que semanal o mensualmente emiten. Esta herramienta tiene como objetivo dar masividad a las ofertas y brindar referencias anticipadas de los precios\u201d.&nbsp;\u201cLas familias con uno o varios miembros que padecen celiaqu\u00eda tienen el inconveniente de recorrer varios supermercados y\/o hipermercados para poder encontrar tan solo unos pocos productos que puedan consumir, constituyendo una complicaci\u00f3n constante, sumando el valor de los mismos que, generalmente es mucho m\u00e1s costoso que los que consumen las personas que no tienen intolerancia al gluten\u201dfinaliz\u00f3 el legislador.Por su parte, la diputada de Jimena Senn busca garantizar precios moderados en la oferta de productos alimenticios \u201clibres de gluten\u201d -SIN TACC-, para facilitar el acceso de las personas con celiaqu\u00eda o patolog\u00edas de similares caracter\u00edsticas, evitando as\u00ed ser v\u00edctimas de precios abusivos por la falta de regulaci\u00f3n.&nbsp;A partir del diagn\u00f3stico la enfermedad, el paciente cel\u00edaco debe realizar una dieta estricta libre de gluten que muchas veces es imposible de costear por las personas que est\u00e1n con este tratamiento, y eso se debe a que este tipo de alimentos pueden costar entre 5 a 15 veces m\u00e1s que el resto de los productos alimentarios\u201d; &#8211; explic\u00f3 la joven edil, y puntualiz\u00f3 &#8211; \u201cnotamos que el Programa Nacional vigente \u2018Precios Cuidados\u2019 no brinda la contenci\u00f3n necesaria para personas con celiaqu\u00eda o patolog\u00eda de similares caracter\u00edsticas, lo que conlleva a una desigualdad de oportunidades y la dificultad de tener una correcta y adecuada nutrici\u00f3n\u201d.Senn, adem\u00e1s, hizo hincapi\u00e9 en que \u201cdebemos tener en cuenta que la alimentaci\u00f3n es el tratamiento m\u00e1s efectivo que tienen para sostener su calidad de vida, por lo que su salud depende centralmente de su calidad nutricional. Hoy por hoy, existe una gran variaci\u00f3n de precios dependiendo de cada comercio, lo cual amerita establecer una lista de precios razonables y alcanzables para este sector poblacional -a todas luces sometido a condiciones de vulnerabilidad-, con el fin de otorgarle mayor certidumbre y previsibilidad econ\u00f3mica\u201d.<\/p>\n\n\n\n<p><\/p>\n<!-- AddThis Advanced Settings generic via filter on the_content --><!-- AddThis Share Buttons generic via filter on the_content -->","protected":false},"excerpt":{"rendered":"<p>Los integrantes del bloque UCR-NEO, Jimena Senn y Sergio \u201cChecho\u201d Basile, presentaron una bater\u00eda de proyectos [&hellip;]<!-- AddThis Advanced Settings generic via filter on get_the_excerpt --><!-- AddThis Share Buttons generic via filter on get_the_excerpt --><\/p>\n","protected":false},"author":16,"featured_media":29864,"comment_status":"open","ping_status":"open","sticky":false,"template":"","format":"standard","meta":{"_seopress_robots_primary_cat":"","_seopress_titles_title":"","_seopress_titles_desc":"","_seopress_robots_index":"","_themeisle_gutenberg_block_has_review":false,"footnotes":""},"categories":[1],"tags":[],"class_list":["post-29863","post","type-post","status-publish","format-standard","has-post-thumbnail","hentry","category-sin-categoria"],"_links":{"self":[{"href":"https:\/\/www.almargenweb.com.ar\/web\/wp-json\/wp\/v2\/posts\/29863","targetHints":{"allow":["GET"]}}],"collection":[{"href":"https:\/\/www.almargenweb.com.ar\/web\/wp-json\/wp\/v2\/posts"}],"about":[{"href":"https:\/\/www.almargenweb.com.ar\/web\/wp-json\/wp\/v2\/types\/post"}],"author":[{"embeddable":true,"href":"https:\/\/www.almargenweb.com.ar\/web\/wp-json\/wp\/v2\/users\/16"}],"replies":[{"embeddable":true,"href":"https:\/\/www.almargenweb.com.ar\/web\/wp-json\/wp\/v2\/comments?post=29863"}],"version-history":[{"count":1,"href":"https:\/\/www.almargenweb.com.ar\/web\/wp-json\/wp\/v2\/posts\/29863\/revisions"}],"predecessor-version":[{"id":29866,"href":"https:\/\/www.almargenweb.com.ar\/web\/wp-json\/wp\/v2\/posts\/29863\/revisions\/29866"}],"wp:featuredmedia":[{"embeddable":true,"href":"https:\/\/www.almargenweb.com.ar\/web\/wp-json\/wp\/v2\/media\/29864"}],"wp:attachment":[{"href":"https:\/\/www.almargenweb.com.ar\/web\/wp-json\/wp\/v2\/media?parent=29863"}],"wp:term":[{"taxonomy":"category","embeddable":true,"href":"https:\/\/www.almargenweb.com.ar\/web\/wp-json\/wp\/v2\/categories?post=29863"},{"taxonomy":"post_tag","embeddable":true,"href":"https:\/\/www.almargenweb.com.ar\/web\/wp-json\/wp\/v2\/tags?post=29863"}],"curies":[{"name":"wp","href":"https:\/\/api.w.org\/{rel}","templated":true}]}}