{"id":29850,"date":"2020-09-17T16:19:01","date_gmt":"2020-09-17T19:19:01","guid":{"rendered":"http:\/\/www.almargenweb.com.ar\/web\/?p=29850"},"modified":"2020-09-17T16:19:02","modified_gmt":"2020-09-17T19:19:02","slug":"carta-abierta-a-la-intendenta-meiners-firmada-por-el-arco-opositor","status":"publish","type":"post","link":"https:\/\/www.almargenweb.com.ar\/web\/carta-abierta-a-la-intendenta-meiners-firmada-por-el-arco-opositor\/","title":{"rendered":"Carta abierta a la Intendenta Meiners firmada por el arco opositor"},"content":{"rendered":"\n<h3 class=\"wp-block-heading\">Gastos excesivos en tiempos dif\u00edciles y escasa mesura social en tiempos de pandemia son algunos puntos del fuerte reclamo a Ana Meiners, en el marco de la realizaci\u00f3n de la fiesta de la agricultura. La oposici\u00f3n unida en una solicitada a la intendenta pide explicaciones reales que justifiquen el peligro al que fue expuesta la sociedad Esperancina el pasado fin de semana.<\/h3>\n\n\n\n<p><\/p>\n\n\n\n<p><\/p>\n\n\n\n<p>A la Intendenta de la ciudad de Esperanza<\/p>\n\n\n\n<p>Sra. Ana Mar\u00eda Meiners:<\/p>\n\n\n\n<p>Los abajo firmantes, en representaci\u00f3n de los Partidos Pol\u00edticos legalmente constituidos en esta ciudad, se dirigen a Ud. con referencia a la realizaci\u00f3n, el fin de semana pasado, de la denominada \u201cFiesta Nacional de la Agricultura Virtual en su 76\u00ba Edici\u00f3n\u201d, con la finalidad de evacuar las siguientes inquietudes:<\/p>\n\n\n\n<ol class=\"wp-block-list\"><li>Si Ud. conoc\u00eda las actividades que se desarrollar\u00edan con motivo de la mencionada Fiesta, las cuales incluyeron reuni\u00f3n social de m\u00e1s de 10 personas en un espacio cerrado -Sal\u00f3n Blanco- (situaci\u00f3n prohibida para los argentinos) sin que se respete el distanciamiento social obligatorio \u2013como pudo observarse todo ello en contradicci\u00f3n con lo normado por los DNU emitidos por el Sr. Presidente de la Naci\u00f3n (N\u00ba 714\/20) y la adhesi\u00f3n a los mismos por los decretos del Sr. Gobernador de la Provincia (N\u00ba 927\/20).<\/li><li>Si Ud., por las responsabilidades que le competen por el cargo que ocupa, inform\u00f3 fehacientemente al Comit\u00e9 de Emergencia de Las Colonias, respecto de las actividades programadas en el marco de dicha Fiesta, en los t\u00e9rminos en que se efectivizaron.<\/li><li>Si su respuesta al \u00edtem anterior es positiva, detalle cu\u00e1l ha sido la evaluaci\u00f3n comunicada por dicho Comit\u00e9 con relaci\u00f3n a asegurar la protecci\u00f3n de los involucrados y de la ciudadan\u00eda en general con referencia al COVID 19.<\/li><li>Si Ud., por su cargo, fue la encargada de la firma de los contratos que permitieron la transmisi\u00f3n del evento por parte de un canal de tv abierta.<\/li><li>Si as\u00ed fuese, cu\u00e1les fueron las exigencias de hisopado u otra forma de certificar que todas las personas que concurrieron al Palacio Municipal en la semana previa y durante el s\u00e1bado 12 del corriente, no presentaban s\u00edntoma alguno de COVID 19; ello, en raz\u00f3n de que todos los equipos t\u00e9cnicos y los conductores del evento (a excepci\u00f3n del Sr. A. Bonetto) no son habitantes de esta localidad.<\/li><li>Si Ud. estaba al tanto de que las personas concurrentes al Palacio Municipal durante el per\u00edodo mencionado y la propia realizaci\u00f3n del evento (invitados especiales, representantes del gobierno municipal y provincial, locutores, personal t\u00e9cnico, personal municipal, reinas y dem\u00e1s asistentes) hab\u00edan sido debidamente informadas acerca de que, en el mismo edificio, ya exist\u00edan reparticiones clausuradas por casos positivos de COVID 19.<\/li><\/ol>\n\n\n\n<p>Alienta la presente la necesidad de informar a la comunidad acerca del alcance de las acciones realizadas (por acci\u00f3n u omisi\u00f3n) por Ud. y su equipo de trabajo, con relaci\u00f3n al debido cumplimiento de las reglamentaciones vigentes, a fin de no poner en riesgo el sistema sanitario de la ciudad dado que, como bien se predica desde el oficialismo: la \u201cresponsabilidad es de todos\u201d. Valga la aclaraci\u00f3n de que no est\u00e1 en la intenci\u00f3n de los firmantes involucrar referencia alguna a la calidad o profesionalismo de los espect\u00e1culos o trabajadores contratados.<\/p>\n\n\n\n<p>A la espera de una pronta respuesta a esta solicitud, aprovechan la oportunidad para saludarla atentamente.<\/p>\n\n\n\n<p>\u201cEs muy f\u00e1cil ser bueno, lo dif\u00edcil es ser justo\u201d.<\/p>\n\n\n\n<p class=\"has-normal-font-size\"><strong>Partido Dem\u00f3crata Progresista &#8211; Uni\u00f3n C\u00edvica Radical -CREO &#8211; PRO<\/strong><\/p>\n<!-- AddThis Advanced Settings generic via filter on the_content --><!-- AddThis Share Buttons generic via filter on the_content -->","protected":false},"excerpt":{"rendered":"<p>Gastos excesivos en tiempos dif\u00edciles y escasa mesura social en tiempos de pandemia son algunos puntos [&hellip;]<!-- AddThis Advanced Settings generic via filter on get_the_excerpt --><!-- AddThis Share Buttons generic via filter on get_the_excerpt --><\/p>\n","protected":false},"author":16,"featured_media":29860,"comment_status":"open","ping_status":"open","sticky":false,"template":"","format":"standard","meta":{"_seopress_robots_primary_cat":"","_seopress_titles_title":"","_seopress_titles_desc":"","_seopress_robots_index":"","_themeisle_gutenberg_block_has_review":false,"footnotes":""},"categories":[1],"tags":[],"class_list":["post-29850","post","type-post","status-publish","format-standard","has-post-thumbnail","hentry","category-sin-categoria"],"_links":{"self":[{"href":"https:\/\/www.almargenweb.com.ar\/web\/wp-json\/wp\/v2\/posts\/29850","targetHints":{"allow":["GET"]}}],"collection":[{"href":"https:\/\/www.almargenweb.com.ar\/web\/wp-json\/wp\/v2\/posts"}],"about":[{"href":"https:\/\/www.almargenweb.com.ar\/web\/wp-json\/wp\/v2\/types\/post"}],"author":[{"embeddable":true,"href":"https:\/\/www.almargenweb.com.ar\/web\/wp-json\/wp\/v2\/users\/16"}],"replies":[{"embeddable":true,"href":"https:\/\/www.almargenweb.com.ar\/web\/wp-json\/wp\/v2\/comments?post=29850"}],"version-history":[{"count":4,"href":"https:\/\/www.almargenweb.com.ar\/web\/wp-json\/wp\/v2\/posts\/29850\/revisions"}],"predecessor-version":[{"id":29861,"href":"https:\/\/www.almargenweb.com.ar\/web\/wp-json\/wp\/v2\/posts\/29850\/revisions\/29861"}],"wp:featuredmedia":[{"embeddable":true,"href":"https:\/\/www.almargenweb.com.ar\/web\/wp-json\/wp\/v2\/media\/29860"}],"wp:attachment":[{"href":"https:\/\/www.almargenweb.com.ar\/web\/wp-json\/wp\/v2\/media?parent=29850"}],"wp:term":[{"taxonomy":"category","embeddable":true,"href":"https:\/\/www.almargenweb.com.ar\/web\/wp-json\/wp\/v2\/categories?post=29850"},{"taxonomy":"post_tag","embeddable":true,"href":"https:\/\/www.almargenweb.com.ar\/web\/wp-json\/wp\/v2\/tags?post=29850"}],"curies":[{"name":"wp","href":"https:\/\/api.w.org\/{rel}","templated":true}]}}