{"id":29744,"date":"2020-07-16T11:01:40","date_gmt":"2020-07-16T14:01:40","guid":{"rendered":"http:\/\/www.almargenweb.com.ar\/web\/?p=29744"},"modified":"2020-07-16T11:01:41","modified_gmt":"2020-07-16T14:01:41","slug":"se-acerca-la-colecta-anual-domiciliaria-de-caritas-en-la-ciudad","status":"publish","type":"post","link":"https:\/\/www.almargenweb.com.ar\/web\/se-acerca-la-colecta-anual-domiciliaria-de-caritas-en-la-ciudad\/","title":{"rendered":"Se acerca la colecta anual domiciliaria de C\u00e1ritas en la ciudad"},"content":{"rendered":"\n<p>La colecta domiciliaria anual de C\u00e1ritas en Esperanza ser\u00e1&nbsp;este s\u00e1bado 18 de julio bajo el lema \u201cTu generosidad aumenta la esperanza\u201d.<\/p>\n\n\n\n<p>La Capilla San Jos\u00e9 Obrero recorrer\u00e1 domicilios de barrio Ciclar de 9 a 12, mientras que la Bas\u00edlica de la Natividad de la Sant\u00edsima Virgen har\u00e1 las visitas de 10 a 12 en una amplia zona.<\/p>\n<!-- AddThis Advanced Settings generic via filter on the_content --><!-- AddThis Share Buttons generic via filter on the_content -->","protected":false},"excerpt":{"rendered":"<p>La colecta domiciliaria anual de C\u00e1ritas en Esperanza ser\u00e1&nbsp;este s\u00e1bado 18 de julio bajo el lema [&hellip;]<!-- AddThis Advanced Settings generic via filter on get_the_excerpt --><!-- AddThis Share Buttons generic via filter on get_the_excerpt --><\/p>\n","protected":false},"author":14,"featured_media":29745,"comment_status":"open","ping_status":"open","sticky":false,"template":"","format":"standard","meta":{"_seopress_robots_primary_cat":"","_seopress_titles_title":"","_seopress_titles_desc":"","_seopress_robots_index":"","_themeisle_gutenberg_block_has_review":false,"footnotes":""},"categories":[2,47],"tags":[],"class_list":["post-29744","post","type-post","status-publish","format-standard","has-post-thumbnail","hentry","category-actualidad","category-locales"],"_links":{"self":[{"href":"https:\/\/www.almargenweb.com.ar\/web\/wp-json\/wp\/v2\/posts\/29744","targetHints":{"allow":["GET"]}}],"collection":[{"href":"https:\/\/www.almargenweb.com.ar\/web\/wp-json\/wp\/v2\/posts"}],"about":[{"href":"https:\/\/www.almargenweb.com.ar\/web\/wp-json\/wp\/v2\/types\/post"}],"author":[{"embeddable":true,"href":"https:\/\/www.almargenweb.com.ar\/web\/wp-json\/wp\/v2\/users\/14"}],"replies":[{"embeddable":true,"href":"https:\/\/www.almargenweb.com.ar\/web\/wp-json\/wp\/v2\/comments?post=29744"}],"version-history":[{"count":1,"href":"https:\/\/www.almargenweb.com.ar\/web\/wp-json\/wp\/v2\/posts\/29744\/revisions"}],"predecessor-version":[{"id":29746,"href":"https:\/\/www.almargenweb.com.ar\/web\/wp-json\/wp\/v2\/posts\/29744\/revisions\/29746"}],"wp:featuredmedia":[{"embeddable":true,"href":"https:\/\/www.almargenweb.com.ar\/web\/wp-json\/wp\/v2\/media\/29745"}],"wp:attachment":[{"href":"https:\/\/www.almargenweb.com.ar\/web\/wp-json\/wp\/v2\/media?parent=29744"}],"wp:term":[{"taxonomy":"category","embeddable":true,"href":"https:\/\/www.almargenweb.com.ar\/web\/wp-json\/wp\/v2\/categories?post=29744"},{"taxonomy":"post_tag","embeddable":true,"href":"https:\/\/www.almargenweb.com.ar\/web\/wp-json\/wp\/v2\/tags?post=29744"}],"curies":[{"name":"wp","href":"https:\/\/api.w.org\/{rel}","templated":true}]}}