{"id":29635,"date":"2020-04-17T00:24:18","date_gmt":"2020-04-17T03:24:18","guid":{"rendered":"http:\/\/www.almargenweb.com.ar\/web\/?p=29635"},"modified":"2020-04-17T09:10:33","modified_gmt":"2020-04-17T12:10:33","slug":"jueves-16-abril-2020-michlig-trabajamos-en-coordinacion-con-instituciones-publicas-y-privadas-priorizando-la-salud-de-toda-la-poblacion","status":"publish","type":"post","link":"https:\/\/www.almargenweb.com.ar\/web\/jueves-16-abril-2020-michlig-trabajamos-en-coordinacion-con-instituciones-publicas-y-privadas-priorizando-la-salud-de-toda-la-poblacion\/","title":{"rendered":"Michlig: &#8220;Trabajamos en coordinaci\u00f3n con instituciones p\u00fablicas y privadas priorizando la salud en toda la poblaci\u00f3n&#8221;"},"content":{"rendered":"\n<p>Durante el encuentro desarrollado en la Delegaci\u00f3n de la C\u00e1mara de Senadores con asiento en la ciudad de San Crist\u00f3bal (siguiendo estrictas medidas de higiene y seguridad) tambi\u00e9n participaron el Intendente local Horacio Rigo; los Ptes. Comunales de Mois\u00e9s Ville, Gustavo Barcel\u00f3; de Capivara, Cristian Suanes y de Soledad, Rolando Ortiz; adem\u00e1s el director de la Esc. T\u00e9cnica N\u00b0 474, Arq. Sergio Bustos.<\/p>\n\n\n\n<p>Priorizar la salud p\u00fablica<\/p>\n\n\n\n<p>EL Senador Michlig indic\u00f3 que \u201choy estamos entregando la mayor\u00eda de estos aportes a instituciones p\u00fablicas y privadas que est\u00e1n volcando sus esfuerzos en contrarrestar los efectos de la pandemia de coronavirus, tratando de defender la salud y bienestar de la poblaci\u00f3n, en sinton\u00eda con lo que venimos trabajando desde el Comit\u00e9 de Emergencia Departamental\u201d.<\/p>\n\n\n\n<p>Asimismo el legislador agreg\u00f3 que \u201choy compartimos una Videoconferencia con referentes del FPCyS y ma\u00f1ana tendremos un encuentro con Ptes. Comunales e intendentes, en donde estamos recabando las inquietudes de todos, para trasladar a las autoridades del P.E. alternativas para ir flexibilizando algunas actividades econ\u00f3mica de cada regi\u00f3n; asimismo proponer medidas para hacer llegar la ayuda del Estado a Pymes, oficios y profesiones liberales, entre otros\u201d.<\/p>\n\n\n\n<p>El Director Sergio Bustos luego de explicar el trabajo que est\u00e1n desarrollando en cuanto a la confecci\u00f3n de mascaras faciales para la comunidad agreg\u00f3 que \u201clas estamos entregando de manera gratuita a partir de lo que podemos ir produciendo con las impresoras 3D e insumos que tenemos y estos aportes nos van a ayudar mucho para agilizar el proceso y aumentar el n\u00famero de entrega\u201d.<\/p>\n\n\n\n<ul class=\"wp-block-list\"><li><\/li><\/ul>\n<!-- AddThis Advanced Settings generic via filter on the_content --><!-- AddThis Share Buttons generic via filter on the_content -->","protected":false},"excerpt":{"rendered":"<p>El Senador Felipe Michlig, acompa\u00f1ado del Diputado Marcelo Gonz\u00e1lez entreg\u00f3 aportes del Programa de Fortalecimiento Institucional de la C\u00e1mara de Senadores para destinatarios de distintos lugares del departamento San Crist\u00f3bal, por un monto total de $ 250.000 pesos.<br \/>\n<!-- AddThis Advanced Settings generic via filter on get_the_excerpt --><!-- AddThis Share Buttons generic via filter on get_the_excerpt --><\/p>\n","protected":false},"author":15,"featured_media":29636,"comment_status":"open","ping_status":"open","sticky":false,"template":"","format":"standard","meta":{"_seopress_robots_primary_cat":"","_seopress_titles_title":"","_seopress_titles_desc":"","_seopress_robots_index":"","_themeisle_gutenberg_block_has_review":false,"footnotes":""},"categories":[2,321],"tags":[323,324,325,322],"class_list":["post-29635","post","type-post","status-publish","format-standard","has-post-thumbnail","hentry","category-actualidad","category-san-cristobal","tag-felipe-michig","tag-marcelo-gonzalez","tag-programa-fortalecimiento-institucional-camara-de-senadore0s","tag-san-cristobal"],"_links":{"self":[{"href":"https:\/\/www.almargenweb.com.ar\/web\/wp-json\/wp\/v2\/posts\/29635","targetHints":{"allow":["GET"]}}],"collection":[{"href":"https:\/\/www.almargenweb.com.ar\/web\/wp-json\/wp\/v2\/posts"}],"about":[{"href":"https:\/\/www.almargenweb.com.ar\/web\/wp-json\/wp\/v2\/types\/post"}],"author":[{"embeddable":true,"href":"https:\/\/www.almargenweb.com.ar\/web\/wp-json\/wp\/v2\/users\/15"}],"replies":[{"embeddable":true,"href":"https:\/\/www.almargenweb.com.ar\/web\/wp-json\/wp\/v2\/comments?post=29635"}],"version-history":[{"count":4,"href":"https:\/\/www.almargenweb.com.ar\/web\/wp-json\/wp\/v2\/posts\/29635\/revisions"}],"predecessor-version":[{"id":29645,"href":"https:\/\/www.almargenweb.com.ar\/web\/wp-json\/wp\/v2\/posts\/29635\/revisions\/29645"}],"wp:featuredmedia":[{"embeddable":true,"href":"https:\/\/www.almargenweb.com.ar\/web\/wp-json\/wp\/v2\/media\/29636"}],"wp:attachment":[{"href":"https:\/\/www.almargenweb.com.ar\/web\/wp-json\/wp\/v2\/media?parent=29635"}],"wp:term":[{"taxonomy":"category","embeddable":true,"href":"https:\/\/www.almargenweb.com.ar\/web\/wp-json\/wp\/v2\/categories?post=29635"},{"taxonomy":"post_tag","embeddable":true,"href":"https:\/\/www.almargenweb.com.ar\/web\/wp-json\/wp\/v2\/tags?post=29635"}],"curies":[{"name":"wp","href":"https:\/\/api.w.org\/{rel}","templated":true}]}}