{"id":29539,"date":"2020-03-18T11:11:05","date_gmt":"2020-03-18T14:11:05","guid":{"rendered":"http:\/\/www.almargenweb.com.ar\/web\/?p=29539"},"modified":"2020-03-18T11:11:07","modified_gmt":"2020-03-18T14:11:07","slug":"el-ministro-santafesino-en-cuarentena-por-coronavirus-hablo-de-su-caso-en-aire-de-santa-fe","status":"publish","type":"post","link":"https:\/\/www.almargenweb.com.ar\/web\/el-ministro-santafesino-en-cuarentena-por-coronavirus-hablo-de-su-caso-en-aire-de-santa-fe\/","title":{"rendered":"El ministro santafesino en cuarentena por coronavirus habl\u00f3 de su caso en Aire de Santa Fe"},"content":{"rendered":"\n<p>Se trata del ministro de Gobierno, Esteban Borgonovo, que el fin de semana particip\u00f3 de una marat\u00f3n en Uruguay. Hay otros dos funcionarios provinciales aislados.<\/p>\n\n\n\n<p>Tres funcionarios del gobierno de la&nbsp;<strong>provincia de&nbsp;<a href=\"https:\/\/www.airedesantafe.com.ar\/santa-fe-a246\">Santa Fe<\/a><\/strong>&nbsp;permanecen aislados, inform\u00f3 esta tarde el gobernador&nbsp;<strong><a href=\"https:\/\/www.airedesantafe.com.ar\/omar-perotti-a142\">Omar Perotti<\/a><\/strong>&nbsp;en conferencia de prensa. Se trata del ministro de Gobierno,&nbsp;<strong>Esteban Borgonovo<\/strong>, el vocero del Gobierno de Santa Fe,&nbsp;<strong>Leonardo Ricciardino<\/strong>&nbsp;y el director de la Caja de Jubilaciones,&nbsp;<strong>Humberto Giobergia<\/strong>.<\/p>\n\n\n\n<p>Perotti, acompa\u00f1ado por el ministro y la secretaria de Salud,&nbsp;<strong>Carlos Parola<\/strong>&nbsp;y&nbsp;<strong>Sonia Martorano<\/strong>, brind\u00f3 una conferencia de prensa esta tarde en Casa Gris donde dio a conocer el reporte diario sobre la situaci\u00f3n de la provincia ante el avance del&nbsp;<strong>coronavirus<\/strong>.<\/p>\n\n\n\n<p>Al t\u00e9rmino de la conferencia, el gobernador dijo a la prensa que &#8220;en los pr\u00f3ximos d\u00edas&#8221;, el vocero del Gobierno, Leonardo Ricciardino, &#8220;se va a comunicar con ustedes desde su casa&#8221;. &#8220;Es insulino dependiente y est\u00e1 cumpliendo con las restricciones y la licencia dada por grupo de riesgo&#8221;, explic\u00f3 Perotti. &#8220;Pondremos a prueba una instancia de comunicaci\u00f3n a la que tendremos que habituarnos&#8221;, agreg\u00f3.<\/p>\n\n\n\n<p>Por su parte, el ministro de Gobierno,<strong>&nbsp;Esteban Borgonovo<\/strong>&nbsp;estuvo el fin de semana \u00faltimo participando de una marat\u00f3n en Uruguay, por lo que se encuentra cumpliendo la cuarentena en su domicilio.<\/p>\n\n\n\n<p>En di\u00e1logo con el programa<strong>\u00a0Pasan Cosas<\/strong>, que conducen Luciana Trinchieri y Adriel Driussi en\u00a0<strong>Aire de Santa Fe<\/strong>, el ministro asegur\u00f3:\u00a0<strong>&#8220;Mi estado de salud es muy bueno. No tengo s\u00edntomas&#8221;<\/strong>. &#8220;Estoy en el aislamiento dando cumplimiento al protocolo que la provincia de Santa Fe ha instruido y que es mucho m\u00e1s estricto que el de Naci\u00f3n&#8221;, sostuvo. Es que seg\u00fan dicho protocolo, las personas que regresan desde un pa\u00eds extranjero -sea \u00e9ste parte de los considerados &#8220;en riesgo&#8221; o no- debe ponerse en aislamiento.<\/p>\n\n\n\n<p>Un tercer funcionario fue aislado en la gesti\u00f3n provincial. Se trata del director de la Caja de Jubilaciones, Humberto Giobergia. El titular estuvo recientemente descansando en Brasil, por lo que se encuentra cumpliendo la cuarentena en su domicilio.<\/p>\n\n\n\n<p><\/p>\n<!-- AddThis Advanced Settings generic via filter on the_content --><!-- AddThis Share Buttons generic via filter on the_content -->","protected":false},"excerpt":{"rendered":"<p>Se trata del ministro de Gobierno, Esteban Borgonovo, que el fin de semana particip\u00f3 de una [&hellip;]<!-- AddThis Advanced Settings generic via filter on get_the_excerpt --><!-- AddThis Share Buttons generic via filter on get_the_excerpt --><\/p>\n","protected":false},"author":14,"featured_media":29540,"comment_status":"open","ping_status":"open","sticky":false,"template":"","format":"standard","meta":{"_seopress_robots_primary_cat":"","_seopress_titles_title":"","_seopress_titles_desc":"","_seopress_robots_index":"","_themeisle_gutenberg_block_has_review":false,"footnotes":""},"categories":[2,9,48,15],"tags":[274,280,134,71],"class_list":["post-29539","post","type-post","status-publish","format-standard","has-post-thumbnail","hentry","category-actualidad","category-politica","category-provinciales","category-salud","tag-cuarentena","tag-gobierno","tag-ministros","tag-santa-fe"],"_links":{"self":[{"href":"https:\/\/www.almargenweb.com.ar\/web\/wp-json\/wp\/v2\/posts\/29539","targetHints":{"allow":["GET"]}}],"collection":[{"href":"https:\/\/www.almargenweb.com.ar\/web\/wp-json\/wp\/v2\/posts"}],"about":[{"href":"https:\/\/www.almargenweb.com.ar\/web\/wp-json\/wp\/v2\/types\/post"}],"author":[{"embeddable":true,"href":"https:\/\/www.almargenweb.com.ar\/web\/wp-json\/wp\/v2\/users\/14"}],"replies":[{"embeddable":true,"href":"https:\/\/www.almargenweb.com.ar\/web\/wp-json\/wp\/v2\/comments?post=29539"}],"version-history":[{"count":1,"href":"https:\/\/www.almargenweb.com.ar\/web\/wp-json\/wp\/v2\/posts\/29539\/revisions"}],"predecessor-version":[{"id":29541,"href":"https:\/\/www.almargenweb.com.ar\/web\/wp-json\/wp\/v2\/posts\/29539\/revisions\/29541"}],"wp:featuredmedia":[{"embeddable":true,"href":"https:\/\/www.almargenweb.com.ar\/web\/wp-json\/wp\/v2\/media\/29540"}],"wp:attachment":[{"href":"https:\/\/www.almargenweb.com.ar\/web\/wp-json\/wp\/v2\/media?parent=29539"}],"wp:term":[{"taxonomy":"category","embeddable":true,"href":"https:\/\/www.almargenweb.com.ar\/web\/wp-json\/wp\/v2\/categories?post=29539"},{"taxonomy":"post_tag","embeddable":true,"href":"https:\/\/www.almargenweb.com.ar\/web\/wp-json\/wp\/v2\/tags?post=29539"}],"curies":[{"name":"wp","href":"https:\/\/api.w.org\/{rel}","templated":true}]}}