{"id":29532,"date":"2020-03-18T10:57:57","date_gmt":"2020-03-18T13:57:57","guid":{"rendered":"http:\/\/www.almargenweb.com.ar\/web\/?p=29532"},"modified":"2020-03-18T10:58:00","modified_gmt":"2020-03-18T13:58:00","slug":"vuelve-el-plan-procrear-como-sera-el-regreso-del-programa-para-acceder-a-una-vivienda","status":"publish","type":"post","link":"https:\/\/www.almargenweb.com.ar\/web\/vuelve-el-plan-procrear-como-sera-el-regreso-del-programa-para-acceder-a-una-vivienda\/","title":{"rendered":"Vuelve el Plan Procrear: c\u00f3mo ser\u00e1 el regreso del programa para acceder a una vivienda"},"content":{"rendered":"\n<p>El Gobierno anunci\u00f3 nuevas medidas econ\u00f3micas para enfrentar los efectos del coronavirus sobre la actividad. Entre ellas, est\u00e1 el regreso del plan Procrear.<\/p>\n\n\n\n<p><strong>El Gobierno anunci\u00f3 este martes una bater\u00eda de medidas econ\u00f3micas para paliar los efectos del coronavirus sobre el consumo y enfrentar la ca\u00edda de la actividad, entre las que se incluye el relanzamiento del\u00a0<a href=\"https:\/\/www.ambito.com\/plan-a5128107\">plan<\/a>\u00a0Procrear.<\/strong><\/p>\n\n\n\n<p>Entre las novedades dadas a conocer por el ministro de Econom\u00eda, Mart\u00edn Guzm\u00e1n, y su par de Desarrollo Productivo, Mat\u00edas Kulfas, se incluye el regreso del plan para la construcci\u00f3n y refacci\u00f3n de hogares.<\/p>\n\n\n\n<p>La vuelta del exitoso programa tiene que ver con la necesidad de reactivar la actividad de la construcci\u00f3n, seg\u00fan destacaron los funcionarios en conferencia de prensa desde la Casa Rosada. El mismo estar\u00e1 a cargo del Ministerio de Vivienda que comanda Mar\u00eda Eugenia Bielsa.<\/p>\n\n\n\n<p>La versi\u00f3n 2020 del Procrear contar\u00e1 con dos l\u00edneas. Una,&nbsp;estar\u00e1 dedicada a la reconstrucci\u00f3n y remodelaci\u00f3n de viviendas. Dentro de ella, se entregar\u00e1n 100 mil cr\u00e9ditos.<\/p>\n\n\n\n<p>En tanto, la otra l\u00ednea, estar\u00e1 apuntada a peque\u00f1as refacciones y mantenimiento de viviendas. La misma contar\u00e1 con 200 mil cr\u00e9ditos de hasta $30 mil cada uno.<\/p>\n\n\n\n<h3 class=\"wp-block-heading\">Repercusiones del regreso del Plan Progresar<\/h3>\n\n\n\n<p>Tras la conferencia de prensa,&nbsp;<strong>empresarios del sector inmobiliario destacaron los anuncios realizados por el Gobierno para mitigar los efectos de la crisis generada por la pandemia del coronavirus.<\/strong><\/p>\n\n\n\n<p>Respecto de las iniciativas, que incluyen el relanzamiento del Procrear, el asesor inmobiliario Daniel Zampone consider\u00f3: &#8220;Ven\u00edamos de un 2019 muy deprimido. El 2020 no empez\u00f3 bien para el sector y estas medidas nos parecen alentadoras&#8221;.<\/p>\n\n\n\n<p>&#8220;Reactivan para que la gente llegue a su primera vivienda&#8221;, evalu\u00f3, y destac\u00f3 que dar\u00e1 impulso a la construcci\u00f3n. En ese sentido, sostuvo: &#8220;Son oportunas porque llegan en un momento de desesperanza&#8221;.<\/p>\n\n\n\n<p>Por su parte, el empresario Sebasti\u00e1n Cantero, de TBSA Toro Brokers SA, analiz\u00f3:&nbsp;&#8220;Las medidas fueron tomadas con alegr\u00eda y generan expectativa porque el mercado viene de una cadena de desastres sin posibilidades visibles de recupero&#8221;.<\/p>\n\n\n\n<p>&#8220;Entendemos que el 2020 va a ser muy duro porque en el contexto de la renegociaci\u00f3n de la deuda y ahora con el coronavirus, va a estar todo parado hasta mitad de a\u00f1o por lo menos&#8221;, estim\u00f3.<\/p>\n\n\n\n<p>Sin embargo, puntualiz\u00f3: &#8220;Son medidas que lo que hacen es incentivar el consumo. Cuando existe un derrame en el consumo, todas las actividades empiezan a funcionar un poco mejor&#8221;.<\/p>\n<!-- AddThis Advanced Settings generic via filter on the_content --><!-- AddThis Share Buttons generic via filter on the_content -->","protected":false},"excerpt":{"rendered":"<p>El Gobierno anunci\u00f3 nuevas medidas econ\u00f3micas para enfrentar los efectos del coronavirus sobre la actividad. Entre [&hellip;]<!-- AddThis Advanced Settings generic via filter on get_the_excerpt --><!-- AddThis Share Buttons generic via filter on get_the_excerpt --><\/p>\n","protected":false},"author":14,"featured_media":29533,"comment_status":"open","ping_status":"open","sticky":false,"template":"","format":"standard","meta":{"_seopress_robots_primary_cat":"","_seopress_titles_title":"","_seopress_titles_desc":"","_seopress_robots_index":"","_themeisle_gutenberg_block_has_review":false,"footnotes":""},"categories":[2,140,24],"tags":[280,217,279,278,49],"class_list":["post-29532","post","type-post","status-publish","format-standard","has-post-thumbnail","hentry","category-actualidad","category-nacionales","category-obras-publicas","tag-gobierno","tag-nacion","tag-plan","tag-procrear","tag-viviendas"],"_links":{"self":[{"href":"https:\/\/www.almargenweb.com.ar\/web\/wp-json\/wp\/v2\/posts\/29532","targetHints":{"allow":["GET"]}}],"collection":[{"href":"https:\/\/www.almargenweb.com.ar\/web\/wp-json\/wp\/v2\/posts"}],"about":[{"href":"https:\/\/www.almargenweb.com.ar\/web\/wp-json\/wp\/v2\/types\/post"}],"author":[{"embeddable":true,"href":"https:\/\/www.almargenweb.com.ar\/web\/wp-json\/wp\/v2\/users\/14"}],"replies":[{"embeddable":true,"href":"https:\/\/www.almargenweb.com.ar\/web\/wp-json\/wp\/v2\/comments?post=29532"}],"version-history":[{"count":1,"href":"https:\/\/www.almargenweb.com.ar\/web\/wp-json\/wp\/v2\/posts\/29532\/revisions"}],"predecessor-version":[{"id":29534,"href":"https:\/\/www.almargenweb.com.ar\/web\/wp-json\/wp\/v2\/posts\/29532\/revisions\/29534"}],"wp:featuredmedia":[{"embeddable":true,"href":"https:\/\/www.almargenweb.com.ar\/web\/wp-json\/wp\/v2\/media\/29533"}],"wp:attachment":[{"href":"https:\/\/www.almargenweb.com.ar\/web\/wp-json\/wp\/v2\/media?parent=29532"}],"wp:term":[{"taxonomy":"category","embeddable":true,"href":"https:\/\/www.almargenweb.com.ar\/web\/wp-json\/wp\/v2\/categories?post=29532"},{"taxonomy":"post_tag","embeddable":true,"href":"https:\/\/www.almargenweb.com.ar\/web\/wp-json\/wp\/v2\/tags?post=29532"}],"curies":[{"name":"wp","href":"https:\/\/api.w.org\/{rel}","templated":true}]}}