{"id":29505,"date":"2020-02-06T09:36:26","date_gmt":"2020-02-06T12:36:26","guid":{"rendered":"http:\/\/www.almargenweb.com.ar\/web\/?p=29505"},"modified":"2020-02-06T09:57:17","modified_gmt":"2020-02-06T12:57:17","slug":"malestar-de-los-magistrados-por-el-atraso-en-el-pago-de-sueldos","status":"publish","type":"post","link":"https:\/\/www.almargenweb.com.ar\/web\/malestar-de-los-magistrados-por-el-atraso-en-el-pago-de-sueldos\/","title":{"rendered":"Malestar de los magistrados por el atraso en el pago de sueldos"},"content":{"rendered":"\n<p><em>El sector judicial exigi\u00f3 al gobierno provincial un cronograma claro, la vez que demand\u00f3 el cumplimiento del aumento otorgado en diciembre.&nbsp;<\/em><\/p>\n\n\n\n<p>El Colegio de Magistrados y Funcionarios de Santa Fe junto al Sindicato de Trabajadores Judiciales expresaron su<strong>&nbsp;malestar y preocupaci\u00f3n<\/strong>&nbsp;por el atraso en el pago de los salarios. Adem\u00e1s exigieron al gobierno provincial el cumplimiento del aumento otorgado en diciembre.<\/p>\n\n\n\n<p>El presidente de la Corte Suprema de Santa Fe, Rafael Guti\u00e9rrez, declar\u00f3&nbsp;al programa&nbsp;\u201cZysman 830\u201d&nbsp;de&nbsp;La Ocho que la demora en el pago \u201cse viene repitiendo desde el mes anterior. Esta es la preocupaci\u00f3n de los trabajadores, ya sean los magistrados como los empleados del Poder Judicial\u201d.<\/p>\n\n\n\n<p>Por otro lado, Guti\u00e9rrez explic\u00f3 que hubo un incremento que no se pag\u00f3 en diciembre correspondiente a la denominada ley de enganche: \u201cDesde el a\u00f1o 93 estamos equiparados con lo que fija la Corte de la Naci\u00f3n Argentina\u201d, afirm\u00f3 el magistrado, quien agreg\u00f3, adem\u00e1s, que&nbsp;<strong>el sueldo promedio de un juez santafesino ronda los 300 mil pesos<\/strong>.<\/p>\n\n\n\n<p>\u201cHay una deuda de la provincia por un aumento otorgado en el mes de diciembre que tambi\u00e9n repercute en la proporci\u00f3n de aguinaldo. Estamos en febrero y no ha sido confirmado ese 10 por ciento de aumento\u201d, expres\u00f3 el presidente de la Corte de Santa Fe.<\/p>\n\n\n\n<p>Por el momento, desde el sector no confirmaron ninguna medida de fuerza y destacaron la&nbsp;<strong>vocaci\u00f3n de di\u00e1logo<\/strong>, aunque ratificaron&nbsp; su preocupaci\u00f3n por el retraso de los pagos: \u201cPedimos un cronograma, que digan si van a cobrar el 14, el 15 o el 20\u201d finaliz\u00f3 Guti\u00e9rrez.<\/p>\n<!-- AddThis Advanced Settings generic via filter on the_content --><!-- AddThis Share Buttons generic via filter on the_content -->","protected":false},"excerpt":{"rendered":"<p>El sector judicial exigi\u00f3 al gobierno provincial un cronograma claro, la vez que demand\u00f3 el cumplimiento [&hellip;]<!-- AddThis Advanced Settings generic via filter on get_the_excerpt --><!-- AddThis Share Buttons generic via filter on get_the_excerpt --><\/p>\n","protected":false},"author":14,"featured_media":29506,"comment_status":"open","ping_status":"open","sticky":false,"template":"","format":"standard","meta":{"_seopress_robots_primary_cat":"","_seopress_titles_title":"","_seopress_titles_desc":"","_seopress_robots_index":"","_themeisle_gutenberg_block_has_review":false,"footnotes":""},"categories":[2,48],"tags":[250,251,252],"class_list":["post-29505","post","type-post","status-publish","format-standard","has-post-thumbnail","hentry","category-actualidad","category-provinciales","tag-gutierrez","tag-magistrados","tag-sueldos"],"_links":{"self":[{"href":"https:\/\/www.almargenweb.com.ar\/web\/wp-json\/wp\/v2\/posts\/29505","targetHints":{"allow":["GET"]}}],"collection":[{"href":"https:\/\/www.almargenweb.com.ar\/web\/wp-json\/wp\/v2\/posts"}],"about":[{"href":"https:\/\/www.almargenweb.com.ar\/web\/wp-json\/wp\/v2\/types\/post"}],"author":[{"embeddable":true,"href":"https:\/\/www.almargenweb.com.ar\/web\/wp-json\/wp\/v2\/users\/14"}],"replies":[{"embeddable":true,"href":"https:\/\/www.almargenweb.com.ar\/web\/wp-json\/wp\/v2\/comments?post=29505"}],"version-history":[{"count":2,"href":"https:\/\/www.almargenweb.com.ar\/web\/wp-json\/wp\/v2\/posts\/29505\/revisions"}],"predecessor-version":[{"id":29511,"href":"https:\/\/www.almargenweb.com.ar\/web\/wp-json\/wp\/v2\/posts\/29505\/revisions\/29511"}],"wp:featuredmedia":[{"embeddable":true,"href":"https:\/\/www.almargenweb.com.ar\/web\/wp-json\/wp\/v2\/media\/29506"}],"wp:attachment":[{"href":"https:\/\/www.almargenweb.com.ar\/web\/wp-json\/wp\/v2\/media?parent=29505"}],"wp:term":[{"taxonomy":"category","embeddable":true,"href":"https:\/\/www.almargenweb.com.ar\/web\/wp-json\/wp\/v2\/categories?post=29505"},{"taxonomy":"post_tag","embeddable":true,"href":"https:\/\/www.almargenweb.com.ar\/web\/wp-json\/wp\/v2\/tags?post=29505"}],"curies":[{"name":"wp","href":"https:\/\/api.w.org\/{rel}","templated":true}]}}