{"id":29472,"date":"2020-01-07T12:28:55","date_gmt":"2020-01-07T15:28:55","guid":{"rendered":"http:\/\/www.almargenweb.com.ar\/web\/?p=29472"},"modified":"2020-01-07T12:37:53","modified_gmt":"2020-01-07T15:37:53","slug":"por-primera-vez-una-mujer-es-jefa-de-la-comisaria-primera-de-esperanza","status":"publish","type":"post","link":"https:\/\/www.almargenweb.com.ar\/web\/por-primera-vez-una-mujer-es-jefa-de-la-comisaria-primera-de-esperanza\/","title":{"rendered":"Por primera vez, una mujer es jefa de la Comisar\u00eda Primera de Esperanza"},"content":{"rendered":"\n<figure class=\"wp-block-image size-large\"><img loading=\"lazy\" decoding=\"async\" width=\"699\" height=\"436\" src=\"https:\/\/www.almargenweb.com.ar\/web\/wp-content\/uploads\/2020\/01\/157839458300707.jpg\" alt=\"\" class=\"wp-image-29473\" srcset=\"https:\/\/www.almargenweb.com.ar\/web\/wp-content\/uploads\/2020\/01\/157839458300707.jpg 699w, https:\/\/www.almargenweb.com.ar\/web\/wp-content\/uploads\/2020\/01\/157839458300707-300x187.jpg 300w\" sizes=\"auto, (max-width: 699px) 100vw, 699px\" \/><\/figure>\n\n\n\n<p>En la sede de la Comisar\u00eda Primera de la Unidad Regional&nbsp;XI de Polic\u00eda con asiento en Esperanza, se llev\u00f3 a cabo el acto de asunci\u00f3n de las nuevas autoridades.<\/p>\n\n\n\n<p>Por primera vez una mujer est\u00e1 al frente de esta dependencia: la subcomisario Vanesa Ponte. Adem\u00e1s, el subjefe es Alberto Galeano.<\/p>\n\n\n\n<p>La ceremonia cont\u00f3 con la presencia del jefe y subjefe de la UR XI, Daniel Filchel y Ram\u00f3n Molina, la plana mayor y el personal que presta funciones en la Comisar\u00eda.<\/p>\n\n\n\n<p><\/p>\n<!-- AddThis Advanced Settings generic via filter on the_content --><!-- AddThis Share Buttons generic via filter on the_content -->","protected":false},"excerpt":{"rendered":"<p>En la sede de la Comisar\u00eda Primera de la Unidad Regional&nbsp;XI de Polic\u00eda con asiento en [&hellip;]<!-- AddThis Advanced Settings generic via filter on get_the_excerpt --><!-- AddThis Share Buttons generic via filter on get_the_excerpt --><\/p>\n","protected":false},"author":14,"featured_media":29473,"comment_status":"open","ping_status":"open","sticky":false,"template":"","format":"standard","meta":{"_seopress_robots_primary_cat":"","_seopress_titles_title":"","_seopress_titles_desc":"","_seopress_robots_index":"","_themeisle_gutenberg_block_has_review":false,"footnotes":""},"categories":[47,1],"tags":[],"class_list":["post-29472","post","type-post","status-publish","format-standard","has-post-thumbnail","hentry","category-locales","category-sin-categoria"],"_links":{"self":[{"href":"https:\/\/www.almargenweb.com.ar\/web\/wp-json\/wp\/v2\/posts\/29472","targetHints":{"allow":["GET"]}}],"collection":[{"href":"https:\/\/www.almargenweb.com.ar\/web\/wp-json\/wp\/v2\/posts"}],"about":[{"href":"https:\/\/www.almargenweb.com.ar\/web\/wp-json\/wp\/v2\/types\/post"}],"author":[{"embeddable":true,"href":"https:\/\/www.almargenweb.com.ar\/web\/wp-json\/wp\/v2\/users\/14"}],"replies":[{"embeddable":true,"href":"https:\/\/www.almargenweb.com.ar\/web\/wp-json\/wp\/v2\/comments?post=29472"}],"version-history":[{"count":1,"href":"https:\/\/www.almargenweb.com.ar\/web\/wp-json\/wp\/v2\/posts\/29472\/revisions"}],"predecessor-version":[{"id":29474,"href":"https:\/\/www.almargenweb.com.ar\/web\/wp-json\/wp\/v2\/posts\/29472\/revisions\/29474"}],"wp:featuredmedia":[{"embeddable":true,"href":"https:\/\/www.almargenweb.com.ar\/web\/wp-json\/wp\/v2\/media\/29473"}],"wp:attachment":[{"href":"https:\/\/www.almargenweb.com.ar\/web\/wp-json\/wp\/v2\/media?parent=29472"}],"wp:term":[{"taxonomy":"category","embeddable":true,"href":"https:\/\/www.almargenweb.com.ar\/web\/wp-json\/wp\/v2\/categories?post=29472"},{"taxonomy":"post_tag","embeddable":true,"href":"https:\/\/www.almargenweb.com.ar\/web\/wp-json\/wp\/v2\/tags?post=29472"}],"curies":[{"name":"wp","href":"https:\/\/api.w.org\/{rel}","templated":true}]}}