{"id":29442,"date":"2019-10-03T10:35:17","date_gmt":"2019-10-03T13:35:17","guid":{"rendered":"http:\/\/www.almargenweb.com.ar\/web\/?p=29442"},"modified":"2019-10-03T10:35:18","modified_gmt":"2019-10-03T13:35:18","slug":"los-intendentes-santafesinos-evitaron-recibir-a-macri-en-la-visita-a-sus-ciudades","status":"publish","type":"post","link":"https:\/\/www.almargenweb.com.ar\/web\/los-intendentes-santafesinos-evitaron-recibir-a-macri-en-la-visita-a-sus-ciudades\/","title":{"rendered":"Los intendentes santafesinos evitaron recibir a Macri en la visita a sus ciudades"},"content":{"rendered":"\n<h4 class=\"wp-block-heading\">Macri hizo dos actos con vecinos de Esperanzas y Rafaela en el raid &#8220;30 Ciudades en 30 D\u00edas&#8221;. Los jefes municipales eludieron la foto.<br><\/h4>\n\n\n\n<p>El presidente hizo pi\u00e9 en la zona centro de Santa Fe, el coraz\u00f3n del polo agroexportador, donde visit\u00f3 dos localidades emblemas del campo: Esperanzas y Rafaela con el claro objetivo de fidelizar el n\u00facleo duro. En el recorrido, tambi\u00e9n pas\u00f3 con la caravana por las comunas de Humboldt y Nuevo Torino.<\/p>\n\n\n\n<p>Es que en Juntos por el Cambio est\u00e1n convencidos que los 10 puntos que le sac\u00f3 Alberto Fern\u00e1ndez a Macri en Santa Fe se explican por el d\u00e9ficit en la fiscalizaci\u00f3n y que esa diferencia se revertir\u00e1 el 27 de octubre cuando se perfeccionen los mecanismos de control durante la jornada electoral.<\/p>\n\n\n\n<p>A pesar del arribo de la m\u00e1xima autoridad de la Naci\u00f3n, los intendentes peronistas evitaron el acto protocolar de recibimiento del presidente quien prefiri\u00f3 actos de proximidad con los vecinos, sin vallas y con m\u00ednima custodia.<\/p>\n\n\n\n<p>En Juntos por el Cambio est\u00e1n convencidos que los 10 puntos que le sac\u00f3 Alberto Fern\u00e1ndez a Macri en Santa Fe se explican por el d\u00e9ficit en la fiscalizaci\u00f3n y que esa diferencia se revertir\u00e1 el 27 de octubre cuando se perfeccionen los mecanismos de control durante la jornada electoral.<\/p>\n\n\n\n<p>Quien marc\u00f3 una mayor distancia fue la intendenta&nbsp;de Esperanzas, Ana Mar\u00eda Meiners, quien justo cuando el Presidente visitaba su ciudad eligi\u00f3 trasladarse a la capital provincial para reunirse con el vicegobernador, el radical Carlos Fascendini, y el ministro de Econom\u00eda, Gonzalo Saglione, para negociar un desembolso de 30 millones para pavimentaci\u00f3n.<\/p>\n\n\n\n<p>Esperanzas es una peque\u00f1a ciudad a 30 kil\u00f3metros de la capital provincial con poco m\u00e1s de 40 mil habitantes. Fue la primera colonia agr\u00edcola organizada del pa\u00eds y s\u00edmbolo de la &#8220;pampa gringa&#8221; que hoy integra uno de los polos agroexportadores m\u00e1s importantes del mundo.<\/p>\n\n\n\n<p><\/p>\n\n\n\n<p>Sin embargo, a pesar de ser un hecho trascendente para una localidad como Esperanzas que la visite un presidente, la intendenta Meiners, que lleva cuatro per\u00edodos al frente del municipio, decidi\u00f3 viajar a la ciudad de Santa Fe para firmar el convenio de transferencia para pavimentaci\u00f3n, un acto administrativo que es claro podr\u00eda haber hecho antes o despu\u00e9s del paso de Macri por su ciudad.<br><\/p>\n\n\n\n<p>El programa de apoyo para bacheo fue creado por el gobierno de la provincia para &#8220;adelantar a las administraciones locales recursos de coparticipaci\u00f3n que la provincia a\u00fan no recibi\u00f3 de parte del Gobierno Nacional que los adeuda, incumpliendo un fallo de la Corte Suprema de Justicia de la Naci\u00f3n&#8221;, se\u00f1alaron desde la administraci\u00f3n del socialista Miguel Lifschitz.<\/p>\n\n\n\n<p>Una situaci\u00f3n similar se vio en la ciudad del gobernador electo, el peronista Omar Perotti. Su jefe municipal Luis Castellanos, del ri\u00f1\u00f3n de Omar Perotti, tampoco recibi\u00f3 a Macri y eludi\u00f3 acompa\u00f1arlo en su visita a la ciudad.<\/p>\n<!-- AddThis Advanced Settings generic via filter on the_content --><!-- AddThis Share Buttons generic via filter on the_content -->","protected":false},"excerpt":{"rendered":"<p>Macri hizo dos actos con vecinos de Esperanzas y Rafaela en el raid &#8220;30 Ciudades en [&hellip;]<!-- AddThis Advanced Settings generic via filter on get_the_excerpt --><!-- AddThis Share Buttons generic via filter on get_the_excerpt --><\/p>\n","protected":false},"author":13,"featured_media":29443,"comment_status":"open","ping_status":"open","sticky":false,"template":"","format":"standard","meta":{"_seopress_robots_primary_cat":"","_seopress_titles_title":"","_seopress_titles_desc":"","_seopress_robots_index":"","_themeisle_gutenberg_block_has_review":false,"footnotes":""},"categories":[21],"tags":[],"class_list":["post-29442","post","type-post","status-publish","format-standard","has-post-thumbnail","hentry","category-las-colonias"],"_links":{"self":[{"href":"https:\/\/www.almargenweb.com.ar\/web\/wp-json\/wp\/v2\/posts\/29442","targetHints":{"allow":["GET"]}}],"collection":[{"href":"https:\/\/www.almargenweb.com.ar\/web\/wp-json\/wp\/v2\/posts"}],"about":[{"href":"https:\/\/www.almargenweb.com.ar\/web\/wp-json\/wp\/v2\/types\/post"}],"author":[{"embeddable":true,"href":"https:\/\/www.almargenweb.com.ar\/web\/wp-json\/wp\/v2\/users\/13"}],"replies":[{"embeddable":true,"href":"https:\/\/www.almargenweb.com.ar\/web\/wp-json\/wp\/v2\/comments?post=29442"}],"version-history":[{"count":1,"href":"https:\/\/www.almargenweb.com.ar\/web\/wp-json\/wp\/v2\/posts\/29442\/revisions"}],"predecessor-version":[{"id":29444,"href":"https:\/\/www.almargenweb.com.ar\/web\/wp-json\/wp\/v2\/posts\/29442\/revisions\/29444"}],"wp:featuredmedia":[{"embeddable":true,"href":"https:\/\/www.almargenweb.com.ar\/web\/wp-json\/wp\/v2\/media\/29443"}],"wp:attachment":[{"href":"https:\/\/www.almargenweb.com.ar\/web\/wp-json\/wp\/v2\/media?parent=29442"}],"wp:term":[{"taxonomy":"category","embeddable":true,"href":"https:\/\/www.almargenweb.com.ar\/web\/wp-json\/wp\/v2\/categories?post=29442"},{"taxonomy":"post_tag","embeddable":true,"href":"https:\/\/www.almargenweb.com.ar\/web\/wp-json\/wp\/v2\/tags?post=29442"}],"curies":[{"name":"wp","href":"https:\/\/api.w.org\/{rel}","templated":true}]}}