{"id":29437,"date":"2019-10-03T10:28:42","date_gmt":"2019-10-03T13:28:42","guid":{"rendered":"http:\/\/www.almargenweb.com.ar\/web\/?p=29437"},"modified":"2019-10-03T10:28:44","modified_gmt":"2019-10-03T13:28:44","slug":"plenario-de-la-ucr-neo-proclamo-la-candidatura-de-fascendini-a-la-presidencia-del-comite-provincial","status":"publish","type":"post","link":"https:\/\/www.almargenweb.com.ar\/web\/plenario-de-la-ucr-neo-proclamo-la-candidatura-de-fascendini-a-la-presidencia-del-comite-provincial\/","title":{"rendered":"Plenario de la UCR NEO proclam\u00f3 la candidatura de Fascendini a la presidencia del Comit\u00e9 Provincial"},"content":{"rendered":"\n<h4 class=\"wp-block-heading\">En un acto realizado en la sede del Comit\u00e9 Provincial de la Uni\u00f3n C\u00edvica Radical qued\u00f3 definida la candidatura de Carlos Fascendini para presidir la UCR de la provincia de Santa Fe.<\/h4>\n\n\n\n<p><\/p>\n\n\n\n<figure class=\"wp-block-image\"><img loading=\"lazy\" decoding=\"async\" width=\"1024\" height=\"745\" src=\"https:\/\/www.almargenweb.com.ar\/web\/wp-content\/uploads\/2019\/10\/IMG-1757-1-1024x745.jpg\" alt=\"\" class=\"wp-image-29440\" srcset=\"https:\/\/www.almargenweb.com.ar\/web\/wp-content\/uploads\/2019\/10\/IMG-1757-1-1024x745.jpg 1024w, https:\/\/www.almargenweb.com.ar\/web\/wp-content\/uploads\/2019\/10\/IMG-1757-1-300x218.jpg 300w, https:\/\/www.almargenweb.com.ar\/web\/wp-content\/uploads\/2019\/10\/IMG-1757-1-768x559.jpg 768w, https:\/\/www.almargenweb.com.ar\/web\/wp-content\/uploads\/2019\/10\/IMG-1757-1.jpg 1200w\" sizes=\"auto, (max-width: 1024px) 100vw, 1024px\" \/><\/figure>\n\n\n\n<p>El actual vicegobernador agradeci\u00f3 &#8220;la confianza para llevar adelante pol\u00edticas de construcci\u00f3n que nos permitan unir al partido&#8221;.<\/p>\n\n\n\n<p>&#8220;Creo en la pol\u00edtica y en los pol\u00edticos que trabajan todos los d\u00edas para dar respuesta a las necesidades de la gente&#8221;<\/p>\n\n\n\n<p>&#8220;Tenemos el desaf\u00edo de mantener abiertos los comit\u00e9s de la UCR en toda la provincia recibiendo a la gente, en contacto con nuestros correligionarios para tener el pulso de lo que pasa&#8221;<\/p>\n\n\n\n<p>&#8220;El Frente Progresista en el gobierno de la provincia demostr\u00f3 la importancia de construir consensos que se convirtieron en programas y un plan estrat\u00e9gico que es un legado imborrable porque son pol\u00edticas p\u00fablicas que perduran en el tiempo&#8221;.<\/p>\n\n\n\n<p>Fascendini agradeci\u00f3 &#8220;a las y los correligionarios y los inst\u00f3 a trabajar unidos y solidarios para servir desde la pol\u00edtica al bien com\u00fan de los santafesinos&#8221;<br><\/p>\n\n\n\n<p>Participaron del plenario de la UCR-NEO referentes de los 19 departamentos de la provincia y se destacaron las presencias de Maximiliano Pullaro, Felipe Michlig, Jorge Henn, Rodrigo Borla, Jorge Alvarez, Pedro Morini, Orfilio Marc\u00f3n, Victoria Tejeda y Jimena Senn.<br><\/p>\n\n\n\n<p><\/p>\n<!-- AddThis Advanced Settings generic via filter on the_content --><!-- AddThis Share Buttons generic via filter on the_content -->","protected":false},"excerpt":{"rendered":"<p>En un acto realizado en la sede del Comit\u00e9 Provincial de la Uni\u00f3n C\u00edvica Radical qued\u00f3 [&hellip;]<!-- AddThis Advanced Settings generic via filter on get_the_excerpt --><!-- AddThis Share Buttons generic via filter on get_the_excerpt --><\/p>\n","protected":false},"author":13,"featured_media":29439,"comment_status":"open","ping_status":"open","sticky":false,"template":"","format":"standard","meta":{"_seopress_robots_primary_cat":"","_seopress_titles_title":"","_seopress_titles_desc":"","_seopress_robots_index":"","_themeisle_gutenberg_block_has_review":false,"footnotes":""},"categories":[48],"tags":[],"class_list":["post-29437","post","type-post","status-publish","format-standard","has-post-thumbnail","hentry","category-provinciales"],"_links":{"self":[{"href":"https:\/\/www.almargenweb.com.ar\/web\/wp-json\/wp\/v2\/posts\/29437","targetHints":{"allow":["GET"]}}],"collection":[{"href":"https:\/\/www.almargenweb.com.ar\/web\/wp-json\/wp\/v2\/posts"}],"about":[{"href":"https:\/\/www.almargenweb.com.ar\/web\/wp-json\/wp\/v2\/types\/post"}],"author":[{"embeddable":true,"href":"https:\/\/www.almargenweb.com.ar\/web\/wp-json\/wp\/v2\/users\/13"}],"replies":[{"embeddable":true,"href":"https:\/\/www.almargenweb.com.ar\/web\/wp-json\/wp\/v2\/comments?post=29437"}],"version-history":[{"count":1,"href":"https:\/\/www.almargenweb.com.ar\/web\/wp-json\/wp\/v2\/posts\/29437\/revisions"}],"predecessor-version":[{"id":29441,"href":"https:\/\/www.almargenweb.com.ar\/web\/wp-json\/wp\/v2\/posts\/29437\/revisions\/29441"}],"wp:featuredmedia":[{"embeddable":true,"href":"https:\/\/www.almargenweb.com.ar\/web\/wp-json\/wp\/v2\/media\/29439"}],"wp:attachment":[{"href":"https:\/\/www.almargenweb.com.ar\/web\/wp-json\/wp\/v2\/media?parent=29437"}],"wp:term":[{"taxonomy":"category","embeddable":true,"href":"https:\/\/www.almargenweb.com.ar\/web\/wp-json\/wp\/v2\/categories?post=29437"},{"taxonomy":"post_tag","embeddable":true,"href":"https:\/\/www.almargenweb.com.ar\/web\/wp-json\/wp\/v2\/tags?post=29437"}],"curies":[{"name":"wp","href":"https:\/\/api.w.org\/{rel}","templated":true}]}}