{"id":29411,"date":"2019-09-19T11:17:47","date_gmt":"2019-09-19T14:17:47","guid":{"rendered":"http:\/\/www.almargenweb.com.ar\/web\/?p=29411"},"modified":"2019-09-19T11:17:49","modified_gmt":"2019-09-19T14:17:49","slug":"un-giro-en-la-causa-del-jefe-de-la-policia-federal-baleado-en-santa-fe-pone-en-riesgo-la-hipotesis-de-bullrich","status":"publish","type":"post","link":"https:\/\/www.almargenweb.com.ar\/web\/un-giro-en-la-causa-del-jefe-de-la-policia-federal-baleado-en-santa-fe-pone-en-riesgo-la-hipotesis-de-bullrich\/","title":{"rendered":"Un giro en la causa del jefe de la Polic\u00eda Federal baleado en Santa Fe pone en riesgo la hip\u00f3tesis de Bullrich"},"content":{"rendered":"\n<h4 class=\"wp-block-heading\">La ministra habl\u00f3 de un ataque mafioso pero las primeras pericias indican que los tiros provinieron desde adentro del auto.<br><\/h4>\n\n\n\n<p>El martes pasado, un hecho de enorme trascendencia conmovi\u00f3 a la provincia de Santa Fe cuando se supo que el Jefe regional de la Polic\u00eda Federal, Mariano Vald\u00e9s, hab\u00eda sido herido de bala en la autopista Rosario-Buenos Aires en un presunto ataque perpetrado desde una camioneta que habr\u00eda interceptado el Ford Focus en el que se trasladaba el efectivo a la altura de la localidad de Figueras.<\/p>\n\n\n\n<p>La grabaci\u00f3n de una de las c\u00e1maras de seguridad de la estaci\u00f3n de servicios YPF &#8220;Las Mellizas&#8221; capt\u00f3 el momento en que el auto baleado llega a la playa de estacionamiento y bajan el comisario Mariano Vald\u00e9s y su acompa\u00f1ante, la suboficial Roxana Gonz\u00e1lez.<\/p>\n\n\n\n<p>A las pocas horas, la ministra de Seguridad, Patricia Bullrich, alent\u00f3 la versi\u00f3n de un &#8220;ataque mafioso&#8221; descartando una situaci\u00f3n de robo com\u00fan y arriesg\u00f3 que el atentado podr\u00eda haber provenido desde alguna banda narcocriminal.<\/p>\n\n\n\n<p>La hip\u00f3tesis cobra sentido si se tiene en cuenta que el comisario asumi\u00f3 la direcci\u00f3n de la delegaci\u00f3n Santa Fe en mayo pasado en reemplazo de Marcelo Lepwalts quien fue procesado junto a otros cinco polic\u00edas por presunto tr\u00e1fico de drogas al encontrarse coca\u00edna preparada para la distribuci\u00f3n en la sede policial. Las primeras sospechas apuntaban a la instituci\u00f3n.<\/p>\n\n\n\n<p>En su declaraci\u00f3n judicial, Vald\u00e9s, quien viajaba en compa\u00f1\u00eda de la suboficial Roxana Gonz\u00e1lez, narr\u00f3 que al momento de detener el auto en la banquina fueron interceptados por desconocidos que bajaron de una camioneta y comenzaron a dispararles. Seg\u00fan esta versi\u00f3n, los polic\u00edas habr\u00edan repelido el ataque con sus armas reglamentarias.<\/p>\n\n\n\n<p>Sin embargo, las primeras pericias m\u00e9dicas sobre las dos heridas que recibi\u00f3 Vald\u00e9s dan cuenta que el tiro en la zona de la ingle presenta una aureola de ahumamiento propia de un disparo que se efect\u00faa desde corta distancia lo cual pone en contradicci\u00f3n la versi\u00f3n que dieron los protagonistas, seg\u00fan public\u00f3 el periodista Hern\u00e1n Lascano en el diario<a href=\"https:\/\/www.lacapital.com.ar\/policiales\/un-tiro-que-hirio-al-jefe-la-federal-fue-disparado-adentro-del-auto-n2528752.html\" target=\"_blank\" rel=\"noreferrer noopener\">&nbsp;La Capital<\/a>.<\/p>\n\n\n\n<p>Como consecuencia, empieza a cobrar fuerza la hip\u00f3tesis de un conflicto al interior del Focus entre el comisario y la atractiva suboficial de 27 a\u00f1os que de confirmarse, comprometer\u00eda a Gonz\u00e1lez como autora de los disparos y dejar\u00eda expuesta una historia ajena a las conjeturas vinculadas al mundo del hampa y al crimen organizado.<\/p>\n\n\n\n<figure class=\"wp-block-image\"><img decoding=\"async\" src=\"https:\/\/www.lapoliticaonline.com\/files\/image\/58\/58348\/5d7819d18228a_950_526!.jpg?s=e6f7887d5345aef667c86526b8b87eb8&amp;d=1568819317\" alt=\"\"\/><figcaption>El Ford Focus donde viajaba el comisario Vald\u00e9z junto a Roxana Gonz\u00e1lez&nbsp;<\/figcaption><\/figure>\n\n\n\n<p>Adem\u00e1s, en la reconstrucci\u00f3n que hicieron desde el Ministerio P\u00fablico de la Acusaci\u00f3n -MPA-advirtieron que el comisario se desvi\u00f3 35 kil\u00f3metros para pasar a buscar a la suboficial por la casa para luego viajar hacia Rosario. La joven hace ocho meses que est\u00e1 en la fuerza y hasta entonces, trabaj\u00f3 como promotora de eventos, inform\u00f3 La Capital.<\/p>\n\n\n\n<p>A su vez, entre los investigadores hay dudas sobre el lugar exacto donde se habr\u00edan producido los sucesos ya que hay una diferencia de 10 kil\u00f3metros entre el sitio indicado en las testimoniales y el presunto punto donde se recolectaron pruebas.<\/p>\n\n\n\n<p>Seg\u00fan los rastrillajes en la zona, tanto de la polic\u00eda provincial como los de Gendarmer\u00eda, sostienen que se encontraron vainas servidas que corresponder\u00edan a una tercera arma y huellas de una camioneta al lado de las del Focus. Por lo tanto, abonar\u00edan la versi\u00f3n del comisario pero entran en incoherencia con los resultados de las pericias m\u00e9dicas.<\/p>\n\n\n\n<p>En la fiscal\u00eda provincial se mueven con mucha cautela y atentos a cualquier intento por fabricar una escena que difiera de lo ocurrido, un recurso al que suelen apelar las fuerzas policiales para encubrir delitos internos.<\/p>\n\n\n\n<p>En paralelo, hay un sugestivo inter\u00e9s de parte de la justicia federal para hacerse del expediente a partir de una solicitud presentada por el fiscal federal Guillermo Lega aunque desde el Ministerio P\u00fablico de la Acusaci\u00f3n consideran de &#8220;infundado&#8221; el pedido ya que no hay elementos que justifiquen el cambio de jurisdicci\u00f3n, inform\u00f3 el diario rosarino.<\/p>\n\n\n\n<p>Por lo pronto, la fiscal\u00eda interviniente pidi\u00f3 el apartamiento de los federales en la investigaci\u00f3n y continuar las pesquisas con la PDI y los recursos t\u00e9cnicos y profesionales de la Agencia de Criminalidad Organizada y Delitos Complejos de la provincia. A su vez, requirieron la presencia de Roxana Gonz\u00e1lez a Rosario por la fuerza p\u00fablica.<br><\/p>\n\n\n\n<p><\/p>\n<!-- AddThis Advanced Settings generic via filter on the_content --><!-- AddThis Share Buttons generic via filter on the_content -->","protected":false},"excerpt":{"rendered":"<p>La ministra habl\u00f3 de un ataque mafioso pero las primeras pericias indican que los tiros provinieron [&hellip;]<!-- AddThis Advanced Settings generic via filter on get_the_excerpt --><!-- AddThis Share Buttons generic via filter on get_the_excerpt --><\/p>\n","protected":false},"author":13,"featured_media":29412,"comment_status":"open","ping_status":"open","sticky":false,"template":"","format":"standard","meta":{"_seopress_robots_primary_cat":"","_seopress_titles_title":"","_seopress_titles_desc":"","_seopress_robots_index":"","_themeisle_gutenberg_block_has_review":false,"footnotes":""},"categories":[48],"tags":[],"class_list":["post-29411","post","type-post","status-publish","format-standard","has-post-thumbnail","hentry","category-provinciales"],"_links":{"self":[{"href":"https:\/\/www.almargenweb.com.ar\/web\/wp-json\/wp\/v2\/posts\/29411","targetHints":{"allow":["GET"]}}],"collection":[{"href":"https:\/\/www.almargenweb.com.ar\/web\/wp-json\/wp\/v2\/posts"}],"about":[{"href":"https:\/\/www.almargenweb.com.ar\/web\/wp-json\/wp\/v2\/types\/post"}],"author":[{"embeddable":true,"href":"https:\/\/www.almargenweb.com.ar\/web\/wp-json\/wp\/v2\/users\/13"}],"replies":[{"embeddable":true,"href":"https:\/\/www.almargenweb.com.ar\/web\/wp-json\/wp\/v2\/comments?post=29411"}],"version-history":[{"count":2,"href":"https:\/\/www.almargenweb.com.ar\/web\/wp-json\/wp\/v2\/posts\/29411\/revisions"}],"predecessor-version":[{"id":29414,"href":"https:\/\/www.almargenweb.com.ar\/web\/wp-json\/wp\/v2\/posts\/29411\/revisions\/29414"}],"wp:featuredmedia":[{"embeddable":true,"href":"https:\/\/www.almargenweb.com.ar\/web\/wp-json\/wp\/v2\/media\/29412"}],"wp:attachment":[{"href":"https:\/\/www.almargenweb.com.ar\/web\/wp-json\/wp\/v2\/media?parent=29411"}],"wp:term":[{"taxonomy":"category","embeddable":true,"href":"https:\/\/www.almargenweb.com.ar\/web\/wp-json\/wp\/v2\/categories?post=29411"},{"taxonomy":"post_tag","embeddable":true,"href":"https:\/\/www.almargenweb.com.ar\/web\/wp-json\/wp\/v2\/tags?post=29411"}],"curies":[{"name":"wp","href":"https:\/\/api.w.org\/{rel}","templated":true}]}}