{"id":29371,"date":"2019-09-05T15:06:23","date_gmt":"2019-09-05T18:06:23","guid":{"rendered":"http:\/\/www.almargenweb.com.ar\/web\/?p=29371"},"modified":"2019-09-05T15:06:25","modified_gmt":"2019-09-05T18:06:25","slug":"la-provincia-volvio-a-reclamarle-a-nacion-un-aumento-de-las-partidas-sociales","status":"publish","type":"post","link":"https:\/\/www.almargenweb.com.ar\/web\/la-provincia-volvio-a-reclamarle-a-nacion-un-aumento-de-las-partidas-sociales\/","title":{"rendered":"La provincia volvi\u00f3 a reclamarle a Naci\u00f3n un aumento de las partidas sociales"},"content":{"rendered":"\n<p>Con la discusi\u00f3n de fondo de diferentes actores pol\u00edticos de la oposici\u00f3n para que el gobierno central declare la emergencia alimentaria en el pa\u00eds, el ministro de Desarrollo Social de la provincia, Jorge \u00c1lvarez, consider\u00f3 que dicha iniciativa no es necesaria ya que Naci\u00f3n cuenta con las herramientas necesarias, como el Plan Alimentario, para aumentar las partidas sociales.<\/p>\n\n\n\n<p>\u201cLo que hay que hacer es reconocer la realidad. A nivel nacional est\u00e1 el Plan Alimentario, donde est\u00e1n los mecanismos para aumentarlo. Los convenios que Naci\u00f3n tiene con las provincias deber\u00edan aumentar en forma significativa. Hace falta reconocer que estamos en una realidad de emergencia\u201d, dijo, en tanto reconoci\u00f3&nbsp;<a href=\"http:\/\/www.regionlacapital.com.ar\/2019\/07\/el-gobierno-provincial-aseguro-que-cada-vez-mas-gente-demanda-ayuda-del-estado\/\" target=\"_blank\" rel=\"noreferrer noopener\">un aumento de la demanda social en territorio santafesino<\/a>.<\/p>\n\n\n\n<figure class=\"wp-block-image\"><img decoding=\"async\" src=\"http:\/\/www.regionlacapital.com.ar\/wp-content\/uploads\/2018\/05\/La-provincia-debi%C3%B3-duplicar-el-presupuesto-destinado-a-comedores-comunitarios-e1525435371126-300x150.jpg\" alt=\"\" class=\"wp-image-67257\"\/><\/figure>\n\n\n\n<p>\u201cLa situaci\u00f3n social es compleja\u201d, advirti\u00f3 el funcionario en torno a la creciente demanda de ayuda de sectores m\u00e1s vulnerables, en tanto precis\u00f3 que, desde el inicio de esta gesti\u00f3n, \u201cla provincia aument\u00f3 320% las transferencias a comedores escolares y copas de leche\u201d. En cambio, dijo, \u201cdesde mediados de 2016, el gobierno nacional s\u00f3lo increment\u00f3 10% las partidas que env\u00eda a Santa Fe para atender la creciente demanda social\u201d.<\/p>\n\n\n\n<p>\u201cNo tiene ning\u00fan tipo de relaci\u00f3n con la demanda ni con el proceso inflacionario\u201d, apunt\u00f3 \u00c1lvarez, al tiempo que asegur\u00f3 que desde la Casa Gris hay \u201cun di\u00e1logo permanente con instituciones, municipios y comunas para ir acompa\u00f1ando esta mayor demanda\u201d.<\/p>\n\n\n\n<p><br><\/p>\n<!-- AddThis Advanced Settings generic via filter on the_content --><!-- AddThis Share Buttons generic via filter on the_content -->","protected":false},"excerpt":{"rendered":"<p>Con la discusi\u00f3n de fondo de diferentes actores pol\u00edticos de la oposici\u00f3n para que el gobierno [&hellip;]<!-- AddThis Advanced Settings generic via filter on get_the_excerpt --><!-- AddThis Share Buttons generic via filter on get_the_excerpt --><\/p>\n","protected":false},"author":13,"featured_media":29372,"comment_status":"open","ping_status":"open","sticky":false,"template":"","format":"standard","meta":{"_seopress_robots_primary_cat":"","_seopress_titles_title":"","_seopress_titles_desc":"","_seopress_robots_index":"","_themeisle_gutenberg_block_has_review":false,"footnotes":""},"categories":[48],"tags":[],"class_list":["post-29371","post","type-post","status-publish","format-standard","has-post-thumbnail","hentry","category-provinciales"],"_links":{"self":[{"href":"https:\/\/www.almargenweb.com.ar\/web\/wp-json\/wp\/v2\/posts\/29371","targetHints":{"allow":["GET"]}}],"collection":[{"href":"https:\/\/www.almargenweb.com.ar\/web\/wp-json\/wp\/v2\/posts"}],"about":[{"href":"https:\/\/www.almargenweb.com.ar\/web\/wp-json\/wp\/v2\/types\/post"}],"author":[{"embeddable":true,"href":"https:\/\/www.almargenweb.com.ar\/web\/wp-json\/wp\/v2\/users\/13"}],"replies":[{"embeddable":true,"href":"https:\/\/www.almargenweb.com.ar\/web\/wp-json\/wp\/v2\/comments?post=29371"}],"version-history":[{"count":1,"href":"https:\/\/www.almargenweb.com.ar\/web\/wp-json\/wp\/v2\/posts\/29371\/revisions"}],"predecessor-version":[{"id":29373,"href":"https:\/\/www.almargenweb.com.ar\/web\/wp-json\/wp\/v2\/posts\/29371\/revisions\/29373"}],"wp:featuredmedia":[{"embeddable":true,"href":"https:\/\/www.almargenweb.com.ar\/web\/wp-json\/wp\/v2\/media\/29372"}],"wp:attachment":[{"href":"https:\/\/www.almargenweb.com.ar\/web\/wp-json\/wp\/v2\/media?parent=29371"}],"wp:term":[{"taxonomy":"category","embeddable":true,"href":"https:\/\/www.almargenweb.com.ar\/web\/wp-json\/wp\/v2\/categories?post=29371"},{"taxonomy":"post_tag","embeddable":true,"href":"https:\/\/www.almargenweb.com.ar\/web\/wp-json\/wp\/v2\/tags?post=29371"}],"curies":[{"name":"wp","href":"https:\/\/api.w.org\/{rel}","templated":true}]}}