{"id":29334,"date":"2019-06-09T18:23:23","date_gmt":"2019-06-09T21:23:23","guid":{"rendered":"http:\/\/www.almargenweb.com.ar\/web\/?p=29334"},"modified":"2019-06-09T18:23:25","modified_gmt":"2019-06-09T21:23:25","slug":"reconocimientos-a-personas-destacadas-del-departamento-las-colonias","status":"publish","type":"post","link":"https:\/\/www.almargenweb.com.ar\/web\/reconocimientos-a-personas-destacadas-del-departamento-las-colonias\/","title":{"rendered":"RECONOCIMIENTOS A PERSONAS DESTACADAS DEL DEPARTAMENTO LAS COLONIAS"},"content":{"rendered":"\n<p>En el recinto de la C\u00e1mara de Senadores, el vicegobernador de la provincia, Carlos Fascendini, presidi\u00f3 un acto de reconocimiento a personas destacadas de localidades del Departamento Las Colonias.<\/p>\n\n\n\n<p>Por Esperanza fueron distinguidos el doctor Hugo Ortega, a propuesta de Cristian Cammisi y los Hijos de Malvinas por iniciativa de Rodrigo M\u00fcller.<\/p>\n\n\n\n<p>A continuaci\u00f3n las localidades, personas reconocidas y el autor de la propuesta de distinci\u00f3n:<\/p>\n\n\n\n<p>Matilde: Marcela Viviana Arcando&nbsp; (Diego Fournell)<br>Santo Domingo: Hermes Beutel&nbsp; (Patricia Arber)<br>Empalme San Carlos: Julio Bologna&nbsp; (Hugo Heinzen)<br>Colonia San Jos\u00e9: Norma Bonetti&nbsp; (Luis Chatelain)<br>San Mariano: Juan Conrado Bracamonte&nbsp; (Hugo Amicucci)<br>Soutomayor: Amilcar Horacio Cabrera&nbsp; (Hugo Salera)<br>Sarmiento: Vitelmo Antonio Jos\u00e9 Canavesio&nbsp; (Eduardo Warnke)<br>Sa Pereira: Juan Manuel Carnero y Noemi Haddad&nbsp; (Alberto Capeletto)<br>Elisa: Claudio Alfonso Carraro (Abel Saluzzo)<br>San Carlos Norte: Alexis Exequiel Eberhardt&nbsp; (Lionel Cavallero)<br>Maria Luisa: Stella Maris Fassi&nbsp; (Andr\u00e9s Calvo)<br>San Carlos Sud: Elda T. de Fern\u00e1ndez&nbsp; (Santiago Walker)<br>Culul\u00fa: H\u00e9ctor Oswaldo Gazzera&nbsp; (Carlos Schnell)<br>San Jer\u00f3nimo Norte: Maria del Carmen Jullier&nbsp; (Claudio Stalder y Luc\u00eda Thione)<br>San Agust\u00edn: Eduardo M\u00e1rtirez&nbsp; (Carolina Amer)<br>Providencia: Ra\u00fal Mondino&nbsp; (Miguel Demonte)<br>Santa Clara de Buena Vista: Osvaldo Ram\u00f3n Mana&nbsp; (Alberto Mana)<br>Las Tunas: Zunilda Mar\u00eda Perren&nbsp; (Orlando Imhoff)<br>Gr\u00fctly: Delia Luc\u00eda Senn&nbsp; (Jimena Senn)<br>Humboldt: Ra\u00fal Wagner&nbsp; (Duilio Rohrmann)<br>Jacinto Ar\u00e1uz: Norma Somaglia&nbsp; (Leandro Flores)<br>San Jer\u00f3nimo del Sauce: Grupo &#8220;Martas y Mar\u00edas&#8221; Mariela Perren, Maria Luisa Villafa\u00f1e, Silvia Teresa Imhoff, Stella Maris Scandalo y Olga Irene Perren&nbsp; (Daniel R\u00edos).<br>Progreso: Familiares de Emiliano Sala&nbsp; (Julio Muller)<\/p>\n<!-- AddThis Advanced Settings generic via filter on the_content --><!-- AddThis Share Buttons generic via filter on the_content -->","protected":false},"excerpt":{"rendered":"<p>En el recinto de la C\u00e1mara de Senadores, el vicegobernador de la provincia, Carlos Fascendini, presidi\u00f3 [&hellip;]<!-- AddThis Advanced Settings generic via filter on get_the_excerpt --><!-- AddThis Share Buttons generic via filter on get_the_excerpt --><\/p>\n","protected":false},"author":13,"featured_media":29335,"comment_status":"open","ping_status":"open","sticky":false,"template":"","format":"standard","meta":{"_seopress_robots_primary_cat":"","_seopress_titles_title":"","_seopress_titles_desc":"","_seopress_robots_index":"","_themeisle_gutenberg_block_has_review":false,"footnotes":""},"categories":[21],"tags":[],"class_list":["post-29334","post","type-post","status-publish","format-standard","has-post-thumbnail","hentry","category-las-colonias"],"_links":{"self":[{"href":"https:\/\/www.almargenweb.com.ar\/web\/wp-json\/wp\/v2\/posts\/29334","targetHints":{"allow":["GET"]}}],"collection":[{"href":"https:\/\/www.almargenweb.com.ar\/web\/wp-json\/wp\/v2\/posts"}],"about":[{"href":"https:\/\/www.almargenweb.com.ar\/web\/wp-json\/wp\/v2\/types\/post"}],"author":[{"embeddable":true,"href":"https:\/\/www.almargenweb.com.ar\/web\/wp-json\/wp\/v2\/users\/13"}],"replies":[{"embeddable":true,"href":"https:\/\/www.almargenweb.com.ar\/web\/wp-json\/wp\/v2\/comments?post=29334"}],"version-history":[{"count":1,"href":"https:\/\/www.almargenweb.com.ar\/web\/wp-json\/wp\/v2\/posts\/29334\/revisions"}],"predecessor-version":[{"id":29336,"href":"https:\/\/www.almargenweb.com.ar\/web\/wp-json\/wp\/v2\/posts\/29334\/revisions\/29336"}],"wp:featuredmedia":[{"embeddable":true,"href":"https:\/\/www.almargenweb.com.ar\/web\/wp-json\/wp\/v2\/media\/29335"}],"wp:attachment":[{"href":"https:\/\/www.almargenweb.com.ar\/web\/wp-json\/wp\/v2\/media?parent=29334"}],"wp:term":[{"taxonomy":"category","embeddable":true,"href":"https:\/\/www.almargenweb.com.ar\/web\/wp-json\/wp\/v2\/categories?post=29334"},{"taxonomy":"post_tag","embeddable":true,"href":"https:\/\/www.almargenweb.com.ar\/web\/wp-json\/wp\/v2\/tags?post=29334"}],"curies":[{"name":"wp","href":"https:\/\/api.w.org\/{rel}","templated":true}]}}