{"id":29326,"date":"2019-06-03T13:29:54","date_gmt":"2019-06-03T16:29:54","guid":{"rendered":"http:\/\/www.almargenweb.com.ar\/web\/?p=29326"},"modified":"2019-06-03T13:29:58","modified_gmt":"2019-06-03T16:29:58","slug":"bonfatti-por-un-mejor-futuro-apoyamos-el-uso-de-energias-renovables","status":"publish","type":"post","link":"https:\/\/www.almargenweb.com.ar\/web\/bonfatti-por-un-mejor-futuro-apoyamos-el-uso-de-energias-renovables\/","title":{"rendered":"BONFATTI: &#8220;Por un mejor futuro apoyamos el uso de energ\u00edas renovables&#8221;"},"content":{"rendered":"\n<p>El mundo est\u00e1 cambiando vertiginosamente y, si no queremos quedarnos atr\u00e1s, tenemos que avanzar al mismo ritmo. Hoy sabemos que tenemos que cuidar al planeta, es la \u00fanica casa que tenemos, y este es uno de los cambios m\u00e1s urgentes.<\/p>\n\n\n\n<p>En efecto, hoy lunes 22 mantuve una reuni\u00f3n muy productiva con empresarios vinculados a las energ\u00edas alternativas, a quienes le transmit\u00ed la decisi\u00f3n de &nbsp;seguir apoyando la producci\u00f3n y el uso de energ\u00edas renovables en mi pr\u00f3ximo gobierno.<\/p>\n\n\n\n<p>Es imperioso potenciar la innovaci\u00f3n empresarial y el uso de energ\u00edas renovables que no da\u00f1en al medio ambiente y que no se agoten. Apoyaremos el uso en empresas y edificios p\u00fablicos como oficinas o escuelas. Es un compromiso que asumimos hoy para que todos tengamos un ma\u00f1ana mejor.<\/p>\n\n\n\n<p>Junto a responsables de empresas proveedoras y fabricantes de equipos renovables, instaladores, representantes de C\u00e1maras, y emprendedores, repasamos todo lo avanzado en estos a\u00f1os, y los desaf\u00edos a futuro de seguir articulando entre los sectores p\u00fablicos y privado, para ampliar la producci\u00f3n sustentable de energ\u00eda a todo el resto de la provincia. Es fundamental avanzar en esta articulaci\u00f3n, por la necesidad de cuidar el medio ambiente.<\/p>\n\n\n\n<p>Es oportuno recordar adem\u00e1s, que el gobierno de Santa Fe trabaja desde hace a\u00f1os en incentivar y promover las generaciones alternativas y renovables, como por ejemplo la creaci\u00f3n del Parque Fotovoltaico de San Lorenzo, el programa \u201cUn sol para tu techo\u201d, que facilita la adquisici\u00f3n de calefones solares, y el plan \u201cProsumidores\u201d, por el que los usuarios del sistema el\u00e9ctrico pueden generar energ\u00eda a partir de fuentes renovables e inyectarla a la red, y diferentes proyectos de parque e\u00f3licos en distintas partes de la provincia.<\/p>\n<!-- AddThis Advanced Settings generic via filter on the_content --><!-- AddThis Share Buttons generic via filter on the_content -->","protected":false},"excerpt":{"rendered":"<p>El mundo est\u00e1 cambiando vertiginosamente y, si no queremos quedarnos atr\u00e1s, tenemos que avanzar al mismo [&hellip;]<!-- AddThis Advanced Settings generic via filter on get_the_excerpt --><!-- AddThis Share Buttons generic via filter on get_the_excerpt --><\/p>\n","protected":false},"author":13,"featured_media":29031,"comment_status":"open","ping_status":"open","sticky":false,"template":"","format":"standard","meta":{"_seopress_robots_primary_cat":"","_seopress_titles_title":"","_seopress_titles_desc":"","_seopress_robots_index":"","_themeisle_gutenberg_block_has_review":false,"footnotes":""},"categories":[48],"tags":[],"class_list":["post-29326","post","type-post","status-publish","format-standard","has-post-thumbnail","hentry","category-provinciales"],"_links":{"self":[{"href":"https:\/\/www.almargenweb.com.ar\/web\/wp-json\/wp\/v2\/posts\/29326","targetHints":{"allow":["GET"]}}],"collection":[{"href":"https:\/\/www.almargenweb.com.ar\/web\/wp-json\/wp\/v2\/posts"}],"about":[{"href":"https:\/\/www.almargenweb.com.ar\/web\/wp-json\/wp\/v2\/types\/post"}],"author":[{"embeddable":true,"href":"https:\/\/www.almargenweb.com.ar\/web\/wp-json\/wp\/v2\/users\/13"}],"replies":[{"embeddable":true,"href":"https:\/\/www.almargenweb.com.ar\/web\/wp-json\/wp\/v2\/comments?post=29326"}],"version-history":[{"count":1,"href":"https:\/\/www.almargenweb.com.ar\/web\/wp-json\/wp\/v2\/posts\/29326\/revisions"}],"predecessor-version":[{"id":29327,"href":"https:\/\/www.almargenweb.com.ar\/web\/wp-json\/wp\/v2\/posts\/29326\/revisions\/29327"}],"wp:featuredmedia":[{"embeddable":true,"href":"https:\/\/www.almargenweb.com.ar\/web\/wp-json\/wp\/v2\/media\/29031"}],"wp:attachment":[{"href":"https:\/\/www.almargenweb.com.ar\/web\/wp-json\/wp\/v2\/media?parent=29326"}],"wp:term":[{"taxonomy":"category","embeddable":true,"href":"https:\/\/www.almargenweb.com.ar\/web\/wp-json\/wp\/v2\/categories?post=29326"},{"taxonomy":"post_tag","embeddable":true,"href":"https:\/\/www.almargenweb.com.ar\/web\/wp-json\/wp\/v2\/tags?post=29326"}],"curies":[{"name":"wp","href":"https:\/\/api.w.org\/{rel}","templated":true}]}}