{"id":29290,"date":"2019-05-29T12:18:32","date_gmt":"2019-05-29T15:18:32","guid":{"rendered":"http:\/\/www.almargenweb.com.ar\/web\/?p=29290"},"modified":"2019-05-29T12:18:34","modified_gmt":"2019-05-29T15:18:34","slug":"fuerte-adhesion-en-santa-fe-al-quinto-paro-nacional-al-gobierno-de-macri","status":"publish","type":"post","link":"https:\/\/www.almargenweb.com.ar\/web\/fuerte-adhesion-en-santa-fe-al-quinto-paro-nacional-al-gobierno-de-macri\/","title":{"rendered":"Fuerte adhesi\u00f3n en Santa Fe al quinto paro nacional al gobierno de Macri"},"content":{"rendered":"\n<h4 class=\"wp-block-heading\">\n\nNo hay transporte, clases, atenci\u00f3n en oficinas p\u00fablicas ni bancos. Para hoy se esperan movilizaciones en varios puntos de la ciudad\n\n<\/h4>\n\n\n\n<p>Sin colectivos, ni clases ni atenci\u00f3n en oficinas p\u00fablicas, bancos y comercios, el paro nacional convocado por la Confederaci\u00f3n General del Trabajo (CGT) para hoy se hace sentir en Santa Fe y la regi\u00f3n.<\/p>\n\n\n\n<p>Tambi\u00e9n hay movilizaciones en diferentes puntos de la ciudad. La medida de fuerza convocada por la central obrera, la quinta que decide esa organizaci\u00f3n durante la administraci\u00f3n de Mauricio Macri, es&nbsp;<strong>para expresar el rechazo a la pol\u00edtica econ\u00f3mica.<\/strong><\/p>\n\n\n\n<p>La adhesi\u00f3n de todos los gremios que conforman esa central, al igual que los que est\u00e1n nucleados en las dos CTA y en el moyanismo, cubren pr\u00e1cticamente todos los rubros de actividad. De modo que se estima que no habr\u00e1 movimiento comercial ni en el sector servicios, adem\u00e1s del cese de actividades en importantes industrias.<\/p>\n\n\n\n<p>El paro es total en el transporte, por lo cual no hay colectivos de corta, media y larga distancia. No funcionan las estaciones de servicio. Tampoco el transporte a\u00e9reo<\/p>\n\n\n\n<p>Por la huelga, no hay clases en escuelas p\u00fablicas ni privadas, en ninguno de los niveles. Tampoco atienden los empleados de los bancos ni se recolectan los residuos domiciliarios.<\/p>\n\n\n\n<p>En las oficinas p\u00fablicas municipales, provinciales y nacionales no se trabajar\u00e1, aunque se mantendr\u00e1n guardias m\u00ednimas para los servicios esenciales.<\/p>\n\n\n\n<p><strong>El paro es total en el transporte, por lo cual no hay colectivos de corta, media y larga distancia.<\/strong>No funcionan las estaciones de servicio. Tampoco el transporte a\u00e9reo.<\/p>\n\n\n\n<p>En el sector de servicios privados, adhieren gastron\u00f3micos y mercantiles, por lo cual no habr\u00e1 actividad en bares, restaurantes y comercios.<\/p>\n\n\n\n<p><\/p>\n<!-- AddThis Advanced Settings generic via filter on the_content --><!-- AddThis Share Buttons generic via filter on the_content -->","protected":false},"excerpt":{"rendered":"<p>No hay transporte, clases, atenci\u00f3n en oficinas p\u00fablicas ni bancos. Para hoy se esperan movilizaciones en [&hellip;]<!-- AddThis Advanced Settings generic via filter on get_the_excerpt --><!-- AddThis Share Buttons generic via filter on get_the_excerpt --><\/p>\n","protected":false},"author":13,"featured_media":29291,"comment_status":"open","ping_status":"open","sticky":false,"template":"","format":"standard","meta":{"_seopress_robots_primary_cat":"","_seopress_titles_title":"","_seopress_titles_desc":"","_seopress_robots_index":"","_themeisle_gutenberg_block_has_review":false,"footnotes":""},"categories":[48],"tags":[],"class_list":["post-29290","post","type-post","status-publish","format-standard","has-post-thumbnail","hentry","category-provinciales"],"_links":{"self":[{"href":"https:\/\/www.almargenweb.com.ar\/web\/wp-json\/wp\/v2\/posts\/29290","targetHints":{"allow":["GET"]}}],"collection":[{"href":"https:\/\/www.almargenweb.com.ar\/web\/wp-json\/wp\/v2\/posts"}],"about":[{"href":"https:\/\/www.almargenweb.com.ar\/web\/wp-json\/wp\/v2\/types\/post"}],"author":[{"embeddable":true,"href":"https:\/\/www.almargenweb.com.ar\/web\/wp-json\/wp\/v2\/users\/13"}],"replies":[{"embeddable":true,"href":"https:\/\/www.almargenweb.com.ar\/web\/wp-json\/wp\/v2\/comments?post=29290"}],"version-history":[{"count":1,"href":"https:\/\/www.almargenweb.com.ar\/web\/wp-json\/wp\/v2\/posts\/29290\/revisions"}],"predecessor-version":[{"id":29292,"href":"https:\/\/www.almargenweb.com.ar\/web\/wp-json\/wp\/v2\/posts\/29290\/revisions\/29292"}],"wp:featuredmedia":[{"embeddable":true,"href":"https:\/\/www.almargenweb.com.ar\/web\/wp-json\/wp\/v2\/media\/29291"}],"wp:attachment":[{"href":"https:\/\/www.almargenweb.com.ar\/web\/wp-json\/wp\/v2\/media?parent=29290"}],"wp:term":[{"taxonomy":"category","embeddable":true,"href":"https:\/\/www.almargenweb.com.ar\/web\/wp-json\/wp\/v2\/categories?post=29290"},{"taxonomy":"post_tag","embeddable":true,"href":"https:\/\/www.almargenweb.com.ar\/web\/wp-json\/wp\/v2\/tags?post=29290"}],"curies":[{"name":"wp","href":"https:\/\/api.w.org\/{rel}","templated":true}]}}