{"id":29281,"date":"2019-05-27T11:01:52","date_gmt":"2019-05-27T14:01:52","guid":{"rendered":"http:\/\/www.almargenweb.com.ar\/web\/?p=29281"},"modified":"2019-05-27T11:01:55","modified_gmt":"2019-05-27T14:01:55","slug":"convocatoria-a-escena-santafesina","status":"publish","type":"post","link":"https:\/\/www.almargenweb.com.ar\/web\/convocatoria-a-escena-santafesina\/","title":{"rendered":"CONVOCATORIA A &#8220;ESCENA SANTAFESINA&#8221;"},"content":{"rendered":"\n<p>Desde la Lista de Concejales del Frente Progresista, que encabeza Rodrigo M\u00fcller, invitan a participar del Programa &#8220;Escena Santafesina&#8221;.<br> Se trata de una iniciativa del Ministerio de Cultura e Innovaci\u00f3n dedicada a<br> acompa\u00f1ar el desarrollo de programaciones y circuitos de artes esc\u00e9nicas y<br> perform\u00e1ticas, en especial, de teatro, m\u00fasica, danza, circo, clown y t\u00edteres.<br> La propuesta busca promover, en forma innovadora, el intercambio y movilidad de<br> las producciones en todo el territorio provincial.<br> Las inscripciones se realizar\u00e1n hasta el 7 de junio y los interesados pueden<br> encontrar m\u00e1s informaci\u00f3n en https:\/\/convocatoria.escenasantafesina.gob.ar\/<\/p>\n<!-- AddThis Advanced Settings generic via filter on the_content --><!-- AddThis Share Buttons generic via filter on the_content -->","protected":false},"excerpt":{"rendered":"<p>Desde la Lista de Concejales del Frente Progresista, que encabeza Rodrigo M\u00fcller, invitan a participar del [&hellip;]<!-- AddThis Advanced Settings generic via filter on get_the_excerpt --><!-- AddThis Share Buttons generic via filter on get_the_excerpt --><\/p>\n","protected":false},"author":13,"featured_media":29282,"comment_status":"open","ping_status":"open","sticky":false,"template":"","format":"standard","meta":{"_seopress_robots_primary_cat":"","_seopress_titles_title":"","_seopress_titles_desc":"","_seopress_robots_index":"","_themeisle_gutenberg_block_has_review":false,"footnotes":""},"categories":[47],"tags":[],"class_list":["post-29281","post","type-post","status-publish","format-standard","has-post-thumbnail","hentry","category-locales"],"_links":{"self":[{"href":"https:\/\/www.almargenweb.com.ar\/web\/wp-json\/wp\/v2\/posts\/29281","targetHints":{"allow":["GET"]}}],"collection":[{"href":"https:\/\/www.almargenweb.com.ar\/web\/wp-json\/wp\/v2\/posts"}],"about":[{"href":"https:\/\/www.almargenweb.com.ar\/web\/wp-json\/wp\/v2\/types\/post"}],"author":[{"embeddable":true,"href":"https:\/\/www.almargenweb.com.ar\/web\/wp-json\/wp\/v2\/users\/13"}],"replies":[{"embeddable":true,"href":"https:\/\/www.almargenweb.com.ar\/web\/wp-json\/wp\/v2\/comments?post=29281"}],"version-history":[{"count":1,"href":"https:\/\/www.almargenweb.com.ar\/web\/wp-json\/wp\/v2\/posts\/29281\/revisions"}],"predecessor-version":[{"id":29283,"href":"https:\/\/www.almargenweb.com.ar\/web\/wp-json\/wp\/v2\/posts\/29281\/revisions\/29283"}],"wp:featuredmedia":[{"embeddable":true,"href":"https:\/\/www.almargenweb.com.ar\/web\/wp-json\/wp\/v2\/media\/29282"}],"wp:attachment":[{"href":"https:\/\/www.almargenweb.com.ar\/web\/wp-json\/wp\/v2\/media?parent=29281"}],"wp:term":[{"taxonomy":"category","embeddable":true,"href":"https:\/\/www.almargenweb.com.ar\/web\/wp-json\/wp\/v2\/categories?post=29281"},{"taxonomy":"post_tag","embeddable":true,"href":"https:\/\/www.almargenweb.com.ar\/web\/wp-json\/wp\/v2\/tags?post=29281"}],"curies":[{"name":"wp","href":"https:\/\/api.w.org\/{rel}","templated":true}]}}