{"id":29278,"date":"2019-05-27T10:56:34","date_gmt":"2019-05-27T13:56:34","guid":{"rendered":"http:\/\/www.almargenweb.com.ar\/web\/?p=29278"},"modified":"2019-05-27T10:56:36","modified_gmt":"2019-05-27T13:56:36","slug":"mauro-musuruana-busca-ser-el-nuevo-presidente-comunal-de-pujato-norte","status":"publish","type":"post","link":"https:\/\/www.almargenweb.com.ar\/web\/mauro-musuruana-busca-ser-el-nuevo-presidente-comunal-de-pujato-norte\/","title":{"rendered":"MAURO MUSURUANA BUSCA SER EL NUEVO PRESIDENTE COMUNAL DE PUJATO NORTE"},"content":{"rendered":"\n<p>Mauro Musuruana es el candidato del Frente Progresista C\u00edvico y Social en la localidad de Pujato Norte. Consultado sobre qu\u00e9 es lo que lo llev\u00f3 a tomar la decisi\u00f3n de participar en los comicios expres\u00f3:\u00a0<em>\u201cLo que me llev\u00f3 a tomar la decisi\u00f3n de presentarme en las elecciones de este a\u00f1o, son las ganas de continuar trabajando por la comunidad, esta vez desde un lugar que nos permite acceder a mayores herramientas como son los distintos programas que presenta el Gobierno de la Provincia, que ayudar\u00e1n a mejorar la calidad de vida de los habitantes de la localidad\u201d.<\/em><br><\/p>\n\n\n\n<p>Musuruana coment\u00f3 que entre sus propuestas se encuentra trabajar en la reforestaci\u00f3n del pueblo, en el mantenimiento de los caminos rurales, calles y avenidas de la zona urbana, gestionar un destacamento policial y un lugar f\u00edsico para la asociaci\u00f3n vecinal, seguimiento de los proyectos presentados para la planta de energ\u00eda y d\u00e1rsena de la entrada principal.<\/p>\n\n\n\n<p>Asimismo, concluy\u00f3:&nbsp;<em>\u201cNuestro principal objetivo es trabajar 100% en equipo, con la asociaci\u00f3n vecinal, dem\u00e1s instituciones y los habitantes de Pujato Norte\u201d<\/em><\/p>\n\n\n\n<p><\/p>\n<!-- AddThis Advanced Settings generic via filter on the_content --><!-- AddThis Share Buttons generic via filter on the_content -->","protected":false},"excerpt":{"rendered":"<p>Mauro Musuruana es el candidato del Frente Progresista C\u00edvico y Social en la localidad de Pujato [&hellip;]<!-- AddThis Advanced Settings generic via filter on get_the_excerpt --><!-- AddThis Share Buttons generic via filter on get_the_excerpt --><\/p>\n","protected":false},"author":13,"featured_media":29279,"comment_status":"open","ping_status":"open","sticky":false,"template":"","format":"standard","meta":{"_seopress_robots_primary_cat":"","_seopress_titles_title":"","_seopress_titles_desc":"","_seopress_robots_index":"","_themeisle_gutenberg_block_has_review":false,"footnotes":""},"categories":[21],"tags":[],"class_list":["post-29278","post","type-post","status-publish","format-standard","has-post-thumbnail","hentry","category-las-colonias"],"_links":{"self":[{"href":"https:\/\/www.almargenweb.com.ar\/web\/wp-json\/wp\/v2\/posts\/29278","targetHints":{"allow":["GET"]}}],"collection":[{"href":"https:\/\/www.almargenweb.com.ar\/web\/wp-json\/wp\/v2\/posts"}],"about":[{"href":"https:\/\/www.almargenweb.com.ar\/web\/wp-json\/wp\/v2\/types\/post"}],"author":[{"embeddable":true,"href":"https:\/\/www.almargenweb.com.ar\/web\/wp-json\/wp\/v2\/users\/13"}],"replies":[{"embeddable":true,"href":"https:\/\/www.almargenweb.com.ar\/web\/wp-json\/wp\/v2\/comments?post=29278"}],"version-history":[{"count":1,"href":"https:\/\/www.almargenweb.com.ar\/web\/wp-json\/wp\/v2\/posts\/29278\/revisions"}],"predecessor-version":[{"id":29280,"href":"https:\/\/www.almargenweb.com.ar\/web\/wp-json\/wp\/v2\/posts\/29278\/revisions\/29280"}],"wp:featuredmedia":[{"embeddable":true,"href":"https:\/\/www.almargenweb.com.ar\/web\/wp-json\/wp\/v2\/media\/29279"}],"wp:attachment":[{"href":"https:\/\/www.almargenweb.com.ar\/web\/wp-json\/wp\/v2\/media?parent=29278"}],"wp:term":[{"taxonomy":"category","embeddable":true,"href":"https:\/\/www.almargenweb.com.ar\/web\/wp-json\/wp\/v2\/categories?post=29278"},{"taxonomy":"post_tag","embeddable":true,"href":"https:\/\/www.almargenweb.com.ar\/web\/wp-json\/wp\/v2\/tags?post=29278"}],"curies":[{"name":"wp","href":"https:\/\/api.w.org\/{rel}","templated":true}]}}