{"id":29234,"date":"2019-05-23T10:07:55","date_gmt":"2019-05-23T13:07:55","guid":{"rendered":"http:\/\/www.almargenweb.com.ar\/web\/?p=29234"},"modified":"2019-05-23T10:07:57","modified_gmt":"2019-05-23T13:07:57","slug":"fascendini-recibio-a-jubilados-y-adultos-mayores-en-el-senado","status":"publish","type":"post","link":"https:\/\/www.almargenweb.com.ar\/web\/fascendini-recibio-a-jubilados-y-adultos-mayores-en-el-senado\/","title":{"rendered":"FASCENDINI RECIBI\u00d3 A JUBILADOS Y ADULTOS MAYORES EN EL SENADO"},"content":{"rendered":"\n<p>El vicegobernador de la provincia, Carlos Fascendini, recibi\u00f3 a contingentes de Jubilados y Adultos Mayores de Esperanza y Gr\u00fctly.<\/p>\n\n\n\n<p>En el marco del Programa &#8220;Ciudadanos en el Senado&#8221; los visitantes pudieron conocer la din\u00e1mica del trabajo legislativo, recorrer las instalaciones y apreciar un video que ilustra de qu\u00e9 manera se desarrolla el proceso de formaci\u00f3n de las leyes.<\/p>\n\n\n\n<p>Fascendini agradeci\u00f3 la presencia y el inter\u00e9s por conocer el funcionamiento del Poder Legislativo como pilar de la representaci\u00f3n democr\u00e1tica de los ciudadanos.<\/p>\n\n\n\n<p><\/p>\n<!-- AddThis Advanced Settings generic via filter on the_content --><!-- AddThis Share Buttons generic via filter on the_content -->","protected":false},"excerpt":{"rendered":"<p>El vicegobernador de la provincia, Carlos Fascendini, recibi\u00f3 a contingentes de Jubilados y Adultos Mayores de [&hellip;]<!-- AddThis Advanced Settings generic via filter on get_the_excerpt --><!-- AddThis Share Buttons generic via filter on get_the_excerpt --><\/p>\n","protected":false},"author":13,"featured_media":29235,"comment_status":"open","ping_status":"open","sticky":false,"template":"","format":"standard","meta":{"_seopress_robots_primary_cat":"","_seopress_titles_title":"","_seopress_titles_desc":"","_seopress_robots_index":"","_themeisle_gutenberg_block_has_review":false,"footnotes":""},"categories":[21],"tags":[],"class_list":["post-29234","post","type-post","status-publish","format-standard","has-post-thumbnail","hentry","category-las-colonias"],"_links":{"self":[{"href":"https:\/\/www.almargenweb.com.ar\/web\/wp-json\/wp\/v2\/posts\/29234","targetHints":{"allow":["GET"]}}],"collection":[{"href":"https:\/\/www.almargenweb.com.ar\/web\/wp-json\/wp\/v2\/posts"}],"about":[{"href":"https:\/\/www.almargenweb.com.ar\/web\/wp-json\/wp\/v2\/types\/post"}],"author":[{"embeddable":true,"href":"https:\/\/www.almargenweb.com.ar\/web\/wp-json\/wp\/v2\/users\/13"}],"replies":[{"embeddable":true,"href":"https:\/\/www.almargenweb.com.ar\/web\/wp-json\/wp\/v2\/comments?post=29234"}],"version-history":[{"count":1,"href":"https:\/\/www.almargenweb.com.ar\/web\/wp-json\/wp\/v2\/posts\/29234\/revisions"}],"predecessor-version":[{"id":29236,"href":"https:\/\/www.almargenweb.com.ar\/web\/wp-json\/wp\/v2\/posts\/29234\/revisions\/29236"}],"wp:featuredmedia":[{"embeddable":true,"href":"https:\/\/www.almargenweb.com.ar\/web\/wp-json\/wp\/v2\/media\/29235"}],"wp:attachment":[{"href":"https:\/\/www.almargenweb.com.ar\/web\/wp-json\/wp\/v2\/media?parent=29234"}],"wp:term":[{"taxonomy":"category","embeddable":true,"href":"https:\/\/www.almargenweb.com.ar\/web\/wp-json\/wp\/v2\/categories?post=29234"},{"taxonomy":"post_tag","embeddable":true,"href":"https:\/\/www.almargenweb.com.ar\/web\/wp-json\/wp\/v2\/tags?post=29234"}],"curies":[{"name":"wp","href":"https:\/\/api.w.org\/{rel}","templated":true}]}}