{"id":29212,"date":"2019-05-16T10:26:34","date_gmt":"2019-05-16T13:26:34","guid":{"rendered":"http:\/\/www.almargenweb.com.ar\/web\/?p=29212"},"modified":"2019-05-16T10:26:36","modified_gmt":"2019-05-16T13:26:36","slug":"fascendini-presidio-licitacion-para-obras-electricas","status":"publish","type":"post","link":"https:\/\/www.almargenweb.com.ar\/web\/fascendini-presidio-licitacion-para-obras-electricas\/","title":{"rendered":"FASCENDINI PRESIDI\u00d3 LICITACI\u00d3N PARA OBRAS EL\u00c9CTRICAS"},"content":{"rendered":"\n<p><\/p>\n\n\n\n<p>En las oficinas de la agencia Esperanza de la Empresa Provincial de la Energ\u00eda, el vicegobernador Carlos Fascendini, encabez\u00f3 el acto de apertura de la licitaci\u00f3n para obras el\u00e9ctricas que beneficiar\u00e1n a usuarios de la zona de influencia de Esperanza.<\/p>\n\n\n\n<p>Las obras tienen un presupuesto oficial de $ 31.726.292 en el marco de los trabajos financiados por el Fondo de Electrificaci\u00f3n Rural.<\/p>\n\n\n\n<p>Se proceder\u00e1 a la remodelaci\u00f3n de la red de media tensi\u00f3n que alimenta establecimientos agropecuarios y ganaderos de la zona aleda\u00f1a a la ciudad cabecera del Departamento Las Colonias. La obra consiste en el&nbsp;<br>recambio de 39.000 metros de conductores existentes por cables de mayor porte y el tendido de 7.700 metros de nueva red el\u00e9ctrica adem\u00e1s de la adecuaci\u00f3n de estructuras en mal estado.<\/p>\n\n\n\n<p>La ley 13.440 cre\u00f3 el Fondo de Electrificaci\u00f3n Rural con el objetivo de dotar del servicio el\u00e9ctrico al sector rural en particular de las regiones y pobladores m\u00e1s aislados del territorio santafesino &#8220;que sean declaradas de electrificaci\u00f3n rural obligatoria y en las que exista un estado de necesidad de infraestructura el\u00e9ctrica&#8221; sean pobladores rurales con o sin explotaciones agropecuarias, plantas industriales radicadas en la zona rural y centros urbanos con menos de tres mil habitantes.<\/p>\n<!-- AddThis Advanced Settings generic via filter on the_content --><!-- AddThis Share Buttons generic via filter on the_content -->","protected":false},"excerpt":{"rendered":"<p>En las oficinas de la agencia Esperanza de la Empresa Provincial de la Energ\u00eda, el vicegobernador [&hellip;]<!-- AddThis Advanced Settings generic via filter on get_the_excerpt --><!-- AddThis Share Buttons generic via filter on get_the_excerpt --><\/p>\n","protected":false},"author":13,"featured_media":29213,"comment_status":"open","ping_status":"open","sticky":false,"template":"","format":"standard","meta":{"_seopress_robots_primary_cat":"","_seopress_titles_title":"","_seopress_titles_desc":"","_seopress_robots_index":"","_themeisle_gutenberg_block_has_review":false,"footnotes":""},"categories":[47],"tags":[],"class_list":["post-29212","post","type-post","status-publish","format-standard","has-post-thumbnail","hentry","category-locales"],"_links":{"self":[{"href":"https:\/\/www.almargenweb.com.ar\/web\/wp-json\/wp\/v2\/posts\/29212","targetHints":{"allow":["GET"]}}],"collection":[{"href":"https:\/\/www.almargenweb.com.ar\/web\/wp-json\/wp\/v2\/posts"}],"about":[{"href":"https:\/\/www.almargenweb.com.ar\/web\/wp-json\/wp\/v2\/types\/post"}],"author":[{"embeddable":true,"href":"https:\/\/www.almargenweb.com.ar\/web\/wp-json\/wp\/v2\/users\/13"}],"replies":[{"embeddable":true,"href":"https:\/\/www.almargenweb.com.ar\/web\/wp-json\/wp\/v2\/comments?post=29212"}],"version-history":[{"count":1,"href":"https:\/\/www.almargenweb.com.ar\/web\/wp-json\/wp\/v2\/posts\/29212\/revisions"}],"predecessor-version":[{"id":29214,"href":"https:\/\/www.almargenweb.com.ar\/web\/wp-json\/wp\/v2\/posts\/29212\/revisions\/29214"}],"wp:featuredmedia":[{"embeddable":true,"href":"https:\/\/www.almargenweb.com.ar\/web\/wp-json\/wp\/v2\/media\/29213"}],"wp:attachment":[{"href":"https:\/\/www.almargenweb.com.ar\/web\/wp-json\/wp\/v2\/media?parent=29212"}],"wp:term":[{"taxonomy":"category","embeddable":true,"href":"https:\/\/www.almargenweb.com.ar\/web\/wp-json\/wp\/v2\/categories?post=29212"},{"taxonomy":"post_tag","embeddable":true,"href":"https:\/\/www.almargenweb.com.ar\/web\/wp-json\/wp\/v2\/tags?post=29212"}],"curies":[{"name":"wp","href":"https:\/\/api.w.org\/{rel}","templated":true}]}}