{"id":29185,"date":"2019-05-09T16:13:13","date_gmt":"2019-05-09T19:13:13","guid":{"rendered":"http:\/\/www.almargenweb.com.ar\/web\/?p=29185"},"modified":"2019-05-09T16:13:15","modified_gmt":"2019-05-09T19:13:15","slug":"nueva-convocatoria-del-plan-vivienda-en-lote-propio","status":"publish","type":"post","link":"https:\/\/www.almargenweb.com.ar\/web\/nueva-convocatoria-del-plan-vivienda-en-lote-propio\/","title":{"rendered":"Nueva convocatoria del Plan Vivienda en &#8220;Lote Propio&#8221;"},"content":{"rendered":"\n<p>\nRodrigo\nM\u00fcller, Gerente de la Asociaci\u00f3n para el Desarrollo manifest\u00f3:\n\u201cseguimos trabajando en conjunto con la Provincia y preocupados por\nla situaci\u00f3n habitacional de la ciudad\u201d.-<\/p>\n\n\n\n<p>\nPor\nello desde la Asociaci\u00f3n para el Desarrollo de Las Colonias, se\ninforma que a partir del 13 de mayo y hasta el 13 de junio se abre la\ninscripci\u00f3n de las familias interesadas en construir su vivienda a\ntrav\u00e9s del Plan &#8220;Lote Propio&#8221; en una nueva instancia que\ncontempla cuatro casas.<\/p>\n\n\n\n<p>\nLa\nAsociaci\u00f3n para el Desarrollo de Las Colonias convoca a acercarse a\nla sede de 3 de Febrero 1750 de Esperanza, donde recibir\u00e1n toda la\ninformaci\u00f3n y asesoramiento en virtud del convenio suscripto con la\nDirecci\u00f3n Provincial de Vivienda y Urbanismo dependiente de la\nSecretar\u00eda de H\u00e1bitat del Gobierno de la Provincia.<\/p>\n\n\n\n<p>\nEsta l\u00ednea de cr\u00e9dito hipotecario para\nviviendas en Lote Propio para Esperanza y el Departamento marca una\nde las prioridades para impulsar una verdadera senda de desarrollo a\ntrav\u00e9s de la Asociaci\u00f3n. \n<\/p>\n\n\n\n<p>\nEs importante recordarles que es una\ngran oportunidad para quien posee lote propio y no puede acceder a la\nconstrucci\u00f3n de la vivienda.-<\/p>\n<!-- AddThis Advanced Settings generic via filter on the_content --><!-- AddThis Share Buttons generic via filter on the_content -->","protected":false},"excerpt":{"rendered":"<p>Rodrigo M\u00fcller, Gerente de la Asociaci\u00f3n para el Desarrollo manifest\u00f3: \u201cseguimos trabajando en conjunto con la [&hellip;]<!-- AddThis Advanced Settings generic via filter on get_the_excerpt --><!-- AddThis Share Buttons generic via filter on get_the_excerpt --><\/p>\n","protected":false},"author":13,"featured_media":29186,"comment_status":"open","ping_status":"open","sticky":false,"template":"","format":"standard","meta":{"_seopress_robots_primary_cat":"","_seopress_titles_title":"","_seopress_titles_desc":"","_seopress_robots_index":"","_themeisle_gutenberg_block_has_review":false,"footnotes":""},"categories":[47],"tags":[],"class_list":["post-29185","post","type-post","status-publish","format-standard","has-post-thumbnail","hentry","category-locales"],"_links":{"self":[{"href":"https:\/\/www.almargenweb.com.ar\/web\/wp-json\/wp\/v2\/posts\/29185","targetHints":{"allow":["GET"]}}],"collection":[{"href":"https:\/\/www.almargenweb.com.ar\/web\/wp-json\/wp\/v2\/posts"}],"about":[{"href":"https:\/\/www.almargenweb.com.ar\/web\/wp-json\/wp\/v2\/types\/post"}],"author":[{"embeddable":true,"href":"https:\/\/www.almargenweb.com.ar\/web\/wp-json\/wp\/v2\/users\/13"}],"replies":[{"embeddable":true,"href":"https:\/\/www.almargenweb.com.ar\/web\/wp-json\/wp\/v2\/comments?post=29185"}],"version-history":[{"count":1,"href":"https:\/\/www.almargenweb.com.ar\/web\/wp-json\/wp\/v2\/posts\/29185\/revisions"}],"predecessor-version":[{"id":29187,"href":"https:\/\/www.almargenweb.com.ar\/web\/wp-json\/wp\/v2\/posts\/29185\/revisions\/29187"}],"wp:featuredmedia":[{"embeddable":true,"href":"https:\/\/www.almargenweb.com.ar\/web\/wp-json\/wp\/v2\/media\/29186"}],"wp:attachment":[{"href":"https:\/\/www.almargenweb.com.ar\/web\/wp-json\/wp\/v2\/media?parent=29185"}],"wp:term":[{"taxonomy":"category","embeddable":true,"href":"https:\/\/www.almargenweb.com.ar\/web\/wp-json\/wp\/v2\/categories?post=29185"},{"taxonomy":"post_tag","embeddable":true,"href":"https:\/\/www.almargenweb.com.ar\/web\/wp-json\/wp\/v2\/tags?post=29185"}],"curies":[{"name":"wp","href":"https:\/\/api.w.org\/{rel}","templated":true}]}}