{"id":29164,"date":"2019-05-08T15:47:57","date_gmt":"2019-05-08T18:47:57","guid":{"rendered":"http:\/\/www.almargenweb.com.ar\/web\/?p=29164"},"modified":"2019-05-08T15:47:59","modified_gmt":"2019-05-08T18:47:59","slug":"fascendini-entrego-resoluciones-y-anticipos-financieros-del-plan-lote-propio","status":"publish","type":"post","link":"https:\/\/www.almargenweb.com.ar\/web\/fascendini-entrego-resoluciones-y-anticipos-financieros-del-plan-lote-propio\/","title":{"rendered":"FASCENDINI ENTREG\u00d3 RESOLUCIONES Y ANTICIPOS FINANCIEROS DEL PLAN &#8220;LOTE PROPIO&#8221;"},"content":{"rendered":"\n<p>El vicegobernador de la provincia, Carlos Fascendini, presidi\u00f3 un acto en la sede de la Asociaci\u00f3n para el Desarrollo de Las Colonias en Esperanza donde entreg\u00f3 aporte econ\u00f3mico a tres familias y resoluciones a otras doce que completaron los tr\u00e1mites para acceder al cr\u00e9dito que financia el Gobierno de la Provincia y contempla la construcci\u00f3n de 25 viviendas.<\/p>\n\n\n\n<p>Fascendini destac\u00f3 que la Asociaci\u00f3n para el Desarrollo de Las Colonias haya &#8220;tomado el desaf\u00edo de gestionar y asesorar a las familias interesadas en este programa en forma conjunta con la Direcci\u00f3n Provincial de Vivienda&#8221;<\/p>\n\n\n\n<p>La operatoria tiene la ventaja de disponer un cr\u00e9dito pagadero en cuotas que se actualizan de acuerdo con el \u00edndice salarial del propietario lo que confiere previsibilidad y seguridad.<\/p>\n\n\n\n<p>Se otorga en tres etapas de acuerdo con el avance de obra con un anticipo inicial del 30%, un segundo de 40% y al final el 30%.<\/p>\n\n\n\n<p>Participaron del acto los presidentes comunales de Humboldt, Gr\u00fctly, Cavour y San Carlos Norte junto al director provincial de Vivienda y Urbanismo, Lucas Crivelli<\/p>\n<!-- AddThis Advanced Settings generic via filter on the_content --><!-- AddThis Share Buttons generic via filter on the_content -->","protected":false},"excerpt":{"rendered":"<p>El vicegobernador de la provincia, Carlos Fascendini, presidi\u00f3 un acto en la sede de la Asociaci\u00f3n [&hellip;]<!-- AddThis Advanced Settings generic via filter on get_the_excerpt --><!-- AddThis Share Buttons generic via filter on get_the_excerpt --><\/p>\n","protected":false},"author":13,"featured_media":29165,"comment_status":"open","ping_status":"open","sticky":false,"template":"","format":"standard","meta":{"_seopress_robots_primary_cat":"","_seopress_titles_title":"","_seopress_titles_desc":"","_seopress_robots_index":"","_themeisle_gutenberg_block_has_review":false,"footnotes":""},"categories":[47],"tags":[],"class_list":["post-29164","post","type-post","status-publish","format-standard","has-post-thumbnail","hentry","category-locales"],"_links":{"self":[{"href":"https:\/\/www.almargenweb.com.ar\/web\/wp-json\/wp\/v2\/posts\/29164","targetHints":{"allow":["GET"]}}],"collection":[{"href":"https:\/\/www.almargenweb.com.ar\/web\/wp-json\/wp\/v2\/posts"}],"about":[{"href":"https:\/\/www.almargenweb.com.ar\/web\/wp-json\/wp\/v2\/types\/post"}],"author":[{"embeddable":true,"href":"https:\/\/www.almargenweb.com.ar\/web\/wp-json\/wp\/v2\/users\/13"}],"replies":[{"embeddable":true,"href":"https:\/\/www.almargenweb.com.ar\/web\/wp-json\/wp\/v2\/comments?post=29164"}],"version-history":[{"count":1,"href":"https:\/\/www.almargenweb.com.ar\/web\/wp-json\/wp\/v2\/posts\/29164\/revisions"}],"predecessor-version":[{"id":29166,"href":"https:\/\/www.almargenweb.com.ar\/web\/wp-json\/wp\/v2\/posts\/29164\/revisions\/29166"}],"wp:featuredmedia":[{"embeddable":true,"href":"https:\/\/www.almargenweb.com.ar\/web\/wp-json\/wp\/v2\/media\/29165"}],"wp:attachment":[{"href":"https:\/\/www.almargenweb.com.ar\/web\/wp-json\/wp\/v2\/media?parent=29164"}],"wp:term":[{"taxonomy":"category","embeddable":true,"href":"https:\/\/www.almargenweb.com.ar\/web\/wp-json\/wp\/v2\/categories?post=29164"},{"taxonomy":"post_tag","embeddable":true,"href":"https:\/\/www.almargenweb.com.ar\/web\/wp-json\/wp\/v2\/tags?post=29164"}],"curies":[{"name":"wp","href":"https:\/\/api.w.org\/{rel}","templated":true}]}}