{"id":29156,"date":"2019-05-03T09:41:25","date_gmt":"2019-05-03T12:41:25","guid":{"rendered":"http:\/\/www.almargenweb.com.ar\/web\/?p=29156"},"modified":"2019-05-03T09:41:27","modified_gmt":"2019-05-03T12:41:27","slug":"la-provincia-invierte-mas-de-1-500-000-para-mejorar-el-acceso-a-grutly-norte","status":"publish","type":"post","link":"https:\/\/www.almargenweb.com.ar\/web\/la-provincia-invierte-mas-de-1-500-000-para-mejorar-el-acceso-a-grutly-norte\/","title":{"rendered":"La Provincia invierte m\u00e1s de $ 1.500.000 para mejorar el acceso a Gr\u00fctly Norte"},"content":{"rendered":"\n<h4 class=\"wp-block-heading\">Se ejecutan nuevas obras viales que garanticen accesibilidad permanente a los habitantes de la regi\u00f3n y que son fundamentales para el desarrollo del departamento Las Colonias.<\/h4>\n\n\n\n<p>El gobierno provincial, a trav\u00e9s de la Direcci\u00f3n Provincial de Vialidad (DPV), y la Comuna de Grutly analizan reconstruir, a trav\u00e9s de un estabilizado granular, un tramo de la ruta provincial 68, que comprende desde Grutly hasta el acceso a Grutly Norte, del departamento Las Colonias.<\/p>\n\n\n\n<p>Los trabajos tendr\u00e1n una extensi\u00f3n de un kil\u00f3metro, con una inversi\u00f3n total de $ 1.527.500 millones de pesos, y se realizar\u00e1n con el objetivo de continuar mejorando la circulaci\u00f3n del tr\u00e1nsito, d\u00e1ndole una din\u00e1mica diferente al ingreso a la localidad, y un acceso m\u00e1s seguro a los ciudadanos y vecinos de la regi\u00f3n.<\/p>\n\n\n\n<p>Al respecto, el subadministrador de la DPV, Rafael De Pace, asegur\u00f3 que \u201cya ejecutado los primeros trabajos en una longitud de dos kil\u00f3metros, se decidi\u00f3 realizar un segundo convenio por un kil\u00f3metro m\u00e1s. Todos estos trabajos permitir\u00e1n acceder de una forma m\u00e1s segura, sobre todo en los d\u00edas de lluvia, a la localidad de Grutly Norte, que es un peque\u00f1o poblado que depende de Grutly\u201d.<\/p>\n\n\n\n<p>Finalmente, el funcionario afirm\u00f3 que \u201clos trabajos est\u00e1n enmarcado en la colaboraci\u00f3n con las distintas comunas y municipios para mejorar la conectividad para localidades de rutas de calzada natural, y estar conectados con mayor seguridad a la red provincial\u201d.<\/p>\n\n\n\n<p><strong>Nuevos accesos, m\u00e1s oportunidades<\/strong><br>Por otro lado, la Direcci\u00f3n Provincial de Vialidad entreg\u00f3 110 toneladas de RAP a la Escuela de Educaci\u00f3n T\u00e9cnica N\u00b0299 Carlos Sylvestre Begnis de la localidad de Sa Pereira, del departamento Las Colonias.<\/p>\n\n\n\n<p>El RAP es un material excelente para estabilizar caminos, para ser aplicado exclusivamente para el mejoramiento de calles internas, que hacen a un eficaz funcionamiento de la escuela que se ocupa de llevar adelante peque\u00f1as experiencias productivas con sus alumnos, prepar\u00e1ndolos para enfrentar las necesidades del mercado.<\/p>\n\n\n\n<p>Al respecto, De Pace manifest\u00f3 que \u201cestas obra en el acceso optimizar\u00e1 el tr\u00e1nsito a los alumnos, el personal docente y los administrativos, ante cualquier inclemencia clim\u00e1tica\u201d. Adem\u00e1s, a\u00f1adi\u00f3 que \u201cde esta manera, seguimos dando cumplimiento a los compromisos adquiridos por el gobernador Lifschitz, quien brega permanentemente para que las escuelas tengan un acceso seguro y una educaci\u00f3n garantizada\u201d.<\/p>\n\n\n\n<p><br><\/p>\n<!-- AddThis Advanced Settings generic via filter on the_content --><!-- AddThis Share Buttons generic via filter on the_content -->","protected":false},"excerpt":{"rendered":"<p>Se ejecutan nuevas obras viales que garanticen accesibilidad permanente a los habitantes de la regi\u00f3n y [&hellip;]<!-- AddThis Advanced Settings generic via filter on get_the_excerpt --><!-- AddThis Share Buttons generic via filter on get_the_excerpt --><\/p>\n","protected":false},"author":13,"featured_media":29157,"comment_status":"open","ping_status":"open","sticky":false,"template":"","format":"standard","meta":{"_seopress_robots_primary_cat":"","_seopress_titles_title":"","_seopress_titles_desc":"","_seopress_robots_index":"","_themeisle_gutenberg_block_has_review":false,"footnotes":""},"categories":[21],"tags":[],"class_list":["post-29156","post","type-post","status-publish","format-standard","has-post-thumbnail","hentry","category-las-colonias"],"_links":{"self":[{"href":"https:\/\/www.almargenweb.com.ar\/web\/wp-json\/wp\/v2\/posts\/29156","targetHints":{"allow":["GET"]}}],"collection":[{"href":"https:\/\/www.almargenweb.com.ar\/web\/wp-json\/wp\/v2\/posts"}],"about":[{"href":"https:\/\/www.almargenweb.com.ar\/web\/wp-json\/wp\/v2\/types\/post"}],"author":[{"embeddable":true,"href":"https:\/\/www.almargenweb.com.ar\/web\/wp-json\/wp\/v2\/users\/13"}],"replies":[{"embeddable":true,"href":"https:\/\/www.almargenweb.com.ar\/web\/wp-json\/wp\/v2\/comments?post=29156"}],"version-history":[{"count":2,"href":"https:\/\/www.almargenweb.com.ar\/web\/wp-json\/wp\/v2\/posts\/29156\/revisions"}],"predecessor-version":[{"id":29159,"href":"https:\/\/www.almargenweb.com.ar\/web\/wp-json\/wp\/v2\/posts\/29156\/revisions\/29159"}],"wp:featuredmedia":[{"embeddable":true,"href":"https:\/\/www.almargenweb.com.ar\/web\/wp-json\/wp\/v2\/media\/29157"}],"wp:attachment":[{"href":"https:\/\/www.almargenweb.com.ar\/web\/wp-json\/wp\/v2\/media?parent=29156"}],"wp:term":[{"taxonomy":"category","embeddable":true,"href":"https:\/\/www.almargenweb.com.ar\/web\/wp-json\/wp\/v2\/categories?post=29156"},{"taxonomy":"post_tag","embeddable":true,"href":"https:\/\/www.almargenweb.com.ar\/web\/wp-json\/wp\/v2\/tags?post=29156"}],"curies":[{"name":"wp","href":"https:\/\/api.w.org\/{rel}","templated":true}]}}