{"id":29122,"date":"2019-04-24T12:32:57","date_gmt":"2019-04-24T15:32:57","guid":{"rendered":"http:\/\/www.almargenweb.com.ar\/web\/?p=29122"},"modified":"2019-04-24T12:32:59","modified_gmt":"2019-04-24T15:32:59","slug":"fascendini-recibio-al-cicae-y-autoridades-de-esperanza","status":"publish","type":"post","link":"https:\/\/www.almargenweb.com.ar\/web\/fascendini-recibio-al-cicae-y-autoridades-de-esperanza\/","title":{"rendered":"FASCENDINI RECIBI\u00d3 AL CICAE Y AUTORIDADES DE ESPERANZA"},"content":{"rendered":"\n<p>El vicegobernador de la provincia, Carlos Fascendini, acompa\u00f1ado por el ministro de Gobierno, Pablo Farias, recibi\u00f3 al senador Rub\u00e9n Pirola, la intendenta de Esperanza y miembros del Centro Industria Comercio y Afincados de Esperanza, encabezados por su presidente, Leandro Aglieri.<\/p>\n\n\n\n<p>Durante la reuni\u00f3n los presentes expusieron la situaci\u00f3n planteada tras el temporal que afect\u00f3 a la ciudad cabecera del departamento Las Colonias el pasado 15 de abril.<\/p>\n\n\n\n<p>Las autoridades municipales y la entidad representativa del sector comercial e industrial realizar\u00e1n un relevamiento de los da\u00f1os causados por el fen\u00f3meno y lo elevar\u00e1n al gobierno de la provincia que se comprometi\u00f3 a evaluar la asistencia y los mecanismos para ayudar a los sectores afectados.<\/p>\n\n\n\n<p><\/p>\n<!-- AddThis Advanced Settings generic via filter on the_content --><!-- AddThis Share Buttons generic via filter on the_content -->","protected":false},"excerpt":{"rendered":"<p>El vicegobernador de la provincia, Carlos Fascendini, acompa\u00f1ado por el ministro de Gobierno, Pablo Farias, recibi\u00f3 [&hellip;]<!-- AddThis Advanced Settings generic via filter on get_the_excerpt --><!-- AddThis Share Buttons generic via filter on get_the_excerpt --><\/p>\n","protected":false},"author":13,"featured_media":29123,"comment_status":"open","ping_status":"open","sticky":false,"template":"","format":"standard","meta":{"_seopress_robots_primary_cat":"","_seopress_titles_title":"","_seopress_titles_desc":"","_seopress_robots_index":"","_themeisle_gutenberg_block_has_review":false,"footnotes":""},"categories":[47],"tags":[],"class_list":["post-29122","post","type-post","status-publish","format-standard","has-post-thumbnail","hentry","category-locales"],"_links":{"self":[{"href":"https:\/\/www.almargenweb.com.ar\/web\/wp-json\/wp\/v2\/posts\/29122","targetHints":{"allow":["GET"]}}],"collection":[{"href":"https:\/\/www.almargenweb.com.ar\/web\/wp-json\/wp\/v2\/posts"}],"about":[{"href":"https:\/\/www.almargenweb.com.ar\/web\/wp-json\/wp\/v2\/types\/post"}],"author":[{"embeddable":true,"href":"https:\/\/www.almargenweb.com.ar\/web\/wp-json\/wp\/v2\/users\/13"}],"replies":[{"embeddable":true,"href":"https:\/\/www.almargenweb.com.ar\/web\/wp-json\/wp\/v2\/comments?post=29122"}],"version-history":[{"count":1,"href":"https:\/\/www.almargenweb.com.ar\/web\/wp-json\/wp\/v2\/posts\/29122\/revisions"}],"predecessor-version":[{"id":29124,"href":"https:\/\/www.almargenweb.com.ar\/web\/wp-json\/wp\/v2\/posts\/29122\/revisions\/29124"}],"wp:featuredmedia":[{"embeddable":true,"href":"https:\/\/www.almargenweb.com.ar\/web\/wp-json\/wp\/v2\/media\/29123"}],"wp:attachment":[{"href":"https:\/\/www.almargenweb.com.ar\/web\/wp-json\/wp\/v2\/media?parent=29122"}],"wp:term":[{"taxonomy":"category","embeddable":true,"href":"https:\/\/www.almargenweb.com.ar\/web\/wp-json\/wp\/v2\/categories?post=29122"},{"taxonomy":"post_tag","embeddable":true,"href":"https:\/\/www.almargenweb.com.ar\/web\/wp-json\/wp\/v2\/tags?post=29122"}],"curies":[{"name":"wp","href":"https:\/\/api.w.org\/{rel}","templated":true}]}}