{"id":29108,"date":"2019-04-23T12:42:46","date_gmt":"2019-04-23T15:42:46","guid":{"rendered":"http:\/\/www.almargenweb.com.ar\/web\/?p=29108"},"modified":"2019-04-23T12:43:49","modified_gmt":"2019-04-23T15:43:49","slug":"el-presidente-comunal-de-progreso-hizo-entrega-de-aportes-a-instituciones-de-la-localidad","status":"publish","type":"post","link":"https:\/\/www.almargenweb.com.ar\/web\/el-presidente-comunal-de-progreso-hizo-entrega-de-aportes-a-instituciones-de-la-localidad\/","title":{"rendered":"El Presidente Comunal de Progreso, Julio M\u00fcller, hizo entrega de aportes a Instituciones de la Localidad"},"content":{"rendered":"\n<p>La&nbsp;<a href=\"https:\/\/www.facebook.com\/profile.php?id=100009655579339&amp;__tn__=%2CdK-R-R&amp;eid=ARBXdA1WWmDImwLYAtIQXCkyj3TAYQORCNsH6xyxUMr4lr9ZRoBu4I3BU7qqMp3p7_fF4qdROcHPRkch&amp;fref=mentions\">Comuna de Progreso<\/a>&nbsp;a trav\u00e9s de su Presidente Julio M\u00fcller hizo entrega de un aporte de $20.000 para la pr\u00e1ctica de b\u00e1squet y de $30.000 para la disciplina de pat\u00edn que se desarrollan en el Club Atl\u00e9tico y Social&nbsp;<a href=\"https:\/\/www.facebook.com\/sanmartindeprogreso?__tn__=%2CdK-R-R&amp;eid=ARAyB93zIe29GR1beioAl5y0ojhsYs3r5VWOw-3BSC5N_X1_65m3hy_WbMrPz9jmpMMN5YHo30IG8x4W&amp;fref=mentions\">San Martin de Progreso<\/a>.<\/p>\n\n\n\n<p>As\u00ed mismo tambi\u00e9n hizo entrega de un aporte de $30.000 a la Iglesia Evang\u00e9lica del R\u00edo de la Plata de Progreso destinado a reformas edilicias<\/p>\n\n\n\n<figure class=\"wp-block-image\"><img loading=\"lazy\" decoding=\"async\" width=\"960\" height=\"540\" src=\"https:\/\/www.almargenweb.com.ar\/web\/wp-content\/uploads\/2019\/04\/57606639_866692346995943_8442113869349912576_n.jpg\" alt=\"\" class=\"wp-image-29109\" srcset=\"https:\/\/www.almargenweb.com.ar\/web\/wp-content\/uploads\/2019\/04\/57606639_866692346995943_8442113869349912576_n.jpg 960w, https:\/\/www.almargenweb.com.ar\/web\/wp-content\/uploads\/2019\/04\/57606639_866692346995943_8442113869349912576_n-300x169.jpg 300w, https:\/\/www.almargenweb.com.ar\/web\/wp-content\/uploads\/2019\/04\/57606639_866692346995943_8442113869349912576_n-768x432.jpg 768w\" sizes=\"auto, (max-width: 960px) 100vw, 960px\" \/><\/figure>\n\n\n\n<p><\/p>\n<!-- AddThis Advanced Settings generic via filter on the_content --><!-- AddThis Share Buttons generic via filter on the_content -->","protected":false},"excerpt":{"rendered":"<p>La&nbsp;Comuna de Progreso&nbsp;a trav\u00e9s de su Presidente Julio M\u00fcller hizo entrega de un aporte de $20.000 [&hellip;]<!-- AddThis Advanced Settings generic via filter on get_the_excerpt --><!-- AddThis Share Buttons generic via filter on get_the_excerpt --><\/p>\n","protected":false},"author":13,"featured_media":29110,"comment_status":"open","ping_status":"open","sticky":false,"template":"","format":"standard","meta":{"_seopress_robots_primary_cat":"","_seopress_titles_title":"","_seopress_titles_desc":"","_seopress_robots_index":"","_themeisle_gutenberg_block_has_review":false,"footnotes":""},"categories":[21],"tags":[],"class_list":["post-29108","post","type-post","status-publish","format-standard","has-post-thumbnail","hentry","category-las-colonias"],"_links":{"self":[{"href":"https:\/\/www.almargenweb.com.ar\/web\/wp-json\/wp\/v2\/posts\/29108","targetHints":{"allow":["GET"]}}],"collection":[{"href":"https:\/\/www.almargenweb.com.ar\/web\/wp-json\/wp\/v2\/posts"}],"about":[{"href":"https:\/\/www.almargenweb.com.ar\/web\/wp-json\/wp\/v2\/types\/post"}],"author":[{"embeddable":true,"href":"https:\/\/www.almargenweb.com.ar\/web\/wp-json\/wp\/v2\/users\/13"}],"replies":[{"embeddable":true,"href":"https:\/\/www.almargenweb.com.ar\/web\/wp-json\/wp\/v2\/comments?post=29108"}],"version-history":[{"count":2,"href":"https:\/\/www.almargenweb.com.ar\/web\/wp-json\/wp\/v2\/posts\/29108\/revisions"}],"predecessor-version":[{"id":29112,"href":"https:\/\/www.almargenweb.com.ar\/web\/wp-json\/wp\/v2\/posts\/29108\/revisions\/29112"}],"wp:featuredmedia":[{"embeddable":true,"href":"https:\/\/www.almargenweb.com.ar\/web\/wp-json\/wp\/v2\/media\/29110"}],"wp:attachment":[{"href":"https:\/\/www.almargenweb.com.ar\/web\/wp-json\/wp\/v2\/media?parent=29108"}],"wp:term":[{"taxonomy":"category","embeddable":true,"href":"https:\/\/www.almargenweb.com.ar\/web\/wp-json\/wp\/v2\/categories?post=29108"},{"taxonomy":"post_tag","embeddable":true,"href":"https:\/\/www.almargenweb.com.ar\/web\/wp-json\/wp\/v2\/tags?post=29108"}],"curies":[{"name":"wp","href":"https:\/\/api.w.org\/{rel}","templated":true}]}}