{"id":29069,"date":"2019-04-17T11:37:36","date_gmt":"2019-04-17T14:37:36","guid":{"rendered":"http:\/\/www.almargenweb.com.ar\/web\/?p=29069"},"modified":"2019-04-17T11:37:38","modified_gmt":"2019-04-17T14:37:38","slug":"fascendini-en-el-samco-de-esperanza-y-sarmiento","status":"publish","type":"post","link":"https:\/\/www.almargenweb.com.ar\/web\/fascendini-en-el-samco-de-esperanza-y-sarmiento\/","title":{"rendered":"FASCENDINI EN EL SAMCO DE ESPERANZA Y SARMIENTO"},"content":{"rendered":"\n<p>El vicegobernador de la provincia, Carlos Fascendini, acompa\u00f1ado por el ministro de Obras P\u00fablicas, Pedro Morini, efectiviz\u00f3 un aporte de $ 1.307.250 al hospital Samco de Esperanza con destino a la terminaci\u00f3n de las obras de retechado y sistema de drenaje del efector de salud.<\/p>\n\n\n\n<p>En marzo del a\u00f1o pasado la Asociaci\u00f3n Cooperadora hab\u00eda recibido $ 3.180.000 para esta obra delegada, &#8220;pero la situaci\u00f3n inflacionaria afect\u00f3 las previsiones presupuestarias y debimos completar con esta entrega el monto que demanda la instalaci\u00f3n de cobertura integral de los techos del hospital y los sistemas de drenaje&#8221;, explic\u00f3 el vicegobernador.<\/p>\n\n\n\n<p>En la oportunidad tambi\u00e9n se entreg\u00f3 al sistema de emergencias 107 que funciona en dependencias del Samco, un nuevo equipo de radio comunicaci\u00f3n VHF que hab\u00edan solicitado para optimizar el trabajo de radio operadores en la recepci\u00f3n y coordinaci\u00f3n de las llamadas de emergencia sanitaria.<\/p>\n\n\n\n<p>Estuvieron presentes la precandidata a vicegobernadora Victoria Tejeda y el concejal Marcelo Dellaporta, precandidato a senador por Las Colonias del Frente Progresista, el director del hospital, Dr. H\u00e9ctor Soler, autoridades municipales, de la Asociaci\u00f3n Cooperadora y miembros del Consejo de Administraci\u00f3n del Samco Esperanza<\/p>\n\n\n\n<p><strong>LOCALIDAD DE SARMIENTO<\/strong><\/p>\n\n\n\n<p>El vicegobernador de la provincia, Carlos Fascendini, estuvo en la localidad de Sarmiento donde fue&nbsp; recibido por el presidente comunal Eduardo Warnke y miembros de la Comisi\u00f3n Comunal.<\/p>\n\n\n\n<p>Fascendini entreg\u00f3 un aporte econ\u00f3mico que las autoridades comunales destinar\u00e1n al desarrollo de un proyecto de seguridad vial.<\/p>\n\n\n\n<p>Adem\u00e1s, Fascendini adelant\u00f3 que es decisi\u00f3n del Gobierno de la Provincia construir una piscina comunitaria para Sarmiento con el prop\u00f3sito de incluir a los vecinos y sus familias en un espacio de recreaci\u00f3n, aprendizaje de nataci\u00f3n y fortalecimiento de los v\u00ednculos sociales.<\/p>\n\n\n\n<p>Acompa\u00f1aron al vicegobernador, el ministro de Obras P\u00fablicas, Pedro Morini y los precandidatos del Frente Progresista, Victoria Tejeda, vicegobernadora; Marcelo Dellaporta, senador por el departamento Las Colonias y Jimena Senn, a diputada provincial.<\/p>\n\n\n\n<p><\/p>\n<!-- AddThis Advanced Settings generic via filter on the_content --><!-- AddThis Share Buttons generic via filter on the_content -->","protected":false},"excerpt":{"rendered":"<p>El vicegobernador de la provincia, Carlos Fascendini, acompa\u00f1ado por el ministro de Obras P\u00fablicas, Pedro Morini, [&hellip;]<!-- AddThis Advanced Settings generic via filter on get_the_excerpt --><!-- AddThis Share Buttons generic via filter on get_the_excerpt --><\/p>\n","protected":false},"author":13,"featured_media":29070,"comment_status":"open","ping_status":"open","sticky":false,"template":"","format":"standard","meta":{"_seopress_robots_primary_cat":"","_seopress_titles_title":"","_seopress_titles_desc":"","_seopress_robots_index":"","_themeisle_gutenberg_block_has_review":false,"footnotes":""},"categories":[21],"tags":[],"class_list":["post-29069","post","type-post","status-publish","format-standard","has-post-thumbnail","hentry","category-las-colonias"],"_links":{"self":[{"href":"https:\/\/www.almargenweb.com.ar\/web\/wp-json\/wp\/v2\/posts\/29069","targetHints":{"allow":["GET"]}}],"collection":[{"href":"https:\/\/www.almargenweb.com.ar\/web\/wp-json\/wp\/v2\/posts"}],"about":[{"href":"https:\/\/www.almargenweb.com.ar\/web\/wp-json\/wp\/v2\/types\/post"}],"author":[{"embeddable":true,"href":"https:\/\/www.almargenweb.com.ar\/web\/wp-json\/wp\/v2\/users\/13"}],"replies":[{"embeddable":true,"href":"https:\/\/www.almargenweb.com.ar\/web\/wp-json\/wp\/v2\/comments?post=29069"}],"version-history":[{"count":1,"href":"https:\/\/www.almargenweb.com.ar\/web\/wp-json\/wp\/v2\/posts\/29069\/revisions"}],"predecessor-version":[{"id":29071,"href":"https:\/\/www.almargenweb.com.ar\/web\/wp-json\/wp\/v2\/posts\/29069\/revisions\/29071"}],"wp:featuredmedia":[{"embeddable":true,"href":"https:\/\/www.almargenweb.com.ar\/web\/wp-json\/wp\/v2\/media\/29070"}],"wp:attachment":[{"href":"https:\/\/www.almargenweb.com.ar\/web\/wp-json\/wp\/v2\/media?parent=29069"}],"wp:term":[{"taxonomy":"category","embeddable":true,"href":"https:\/\/www.almargenweb.com.ar\/web\/wp-json\/wp\/v2\/categories?post=29069"},{"taxonomy":"post_tag","embeddable":true,"href":"https:\/\/www.almargenweb.com.ar\/web\/wp-json\/wp\/v2\/tags?post=29069"}],"curies":[{"name":"wp","href":"https:\/\/api.w.org\/{rel}","templated":true}]}}