{"id":29045,"date":"2019-04-13T09:09:17","date_gmt":"2019-04-13T12:09:17","guid":{"rendered":"http:\/\/www.almargenweb.com.ar\/web\/?p=29045"},"modified":"2019-04-13T09:09:18","modified_gmt":"2019-04-13T12:09:18","slug":"presentacion-de-la-lista-adelante-grutly","status":"publish","type":"post","link":"https:\/\/www.almargenweb.com.ar\/web\/presentacion-de-la-lista-adelante-grutly\/","title":{"rendered":"PRESENTACI\u00d3N DE LA LISTA ADELANTE GR\u00dcTLY"},"content":{"rendered":"\n<p>El pr\u00f3ximo lunes 15 de abril a las 20:30 hs en las instalaciones del Club Deportivo Gr\u00fctly, se presentar\u00e1 la lista ADELANTE de la localidad de Gr\u00fctly, encabeza por V\u00edctor Beltramino. La misma contar\u00e1 con la presencia de la actual Presidenta Comunal y Candidata a Diputada Provincial Jimena Senn, la Candidata a Vicegobernadora Vicky Tejeda y el Vicegobernador de la Provincial Carlos A. Fascendini.<\/p>\n\n\n\n<p>Consultado por los ejes de campa\u00f1a, Beltramino coment\u00f3:&nbsp;<em>\u201cQueremos continuar con el trabajo que el equipo de Adelante Gr\u00fctly comenz\u00f3 en 2017 de la mano de Jimena. Vamos a concretar la obra de GLP cuyo proyecto ya se present\u00f3 en la Secretaria de Energ\u00eda de Naci\u00f3n, la construcci\u00f3n de las viviendas asignadas a la localidad por el Gobierno Provincial a trav\u00e9s de un convenio firmado con la Direcci\u00f3n Provincial de Vivienda por la actual Presidenta Comunal y avanzar en la obra de cloacas cuyo proyecto t\u00e9cnico ya fue elaborado; los j\u00f3venes, al&nbsp; igual que en la actualidad, van a ocupar un lugar importante en la gesti\u00f3n, para que puedan seguir aportando sus ideas innovadoras y participar en las decisiones sobre pol\u00edticas de juventud; el trabajo en caminos rurales ser\u00e1 uno de los puntos m\u00e1s importantes de nuestro trabajo, as\u00ed como la cultura y la educaci\u00f3n\u201d,<\/em>&nbsp;y agreg\u00f3 :&nbsp;<em>\u201cen &nbsp;el deporte tambi\u00e9n vamos a poner especial atenci\u00f3n, porque sabemos que es una herramienta vital para la contenci\u00f3n de ni\u00f1os, ni\u00f1as y adolescente, por eso vamos a gestionar diversos aportes para poder comenzar con la construcci\u00f3n de un play\u00f3n en el predio del natatorio comunal, que deseamos -y vamos a trabajar para lograrlo- se pueda convertir en un sal\u00f3n polideportivo\u201d.<\/em><\/p>\n\n\n\n<p>Para finalizar invit\u00f3 a la comunidad a sumarse al proyecto que viene transformando la localidad, y agradeci\u00f3 el apoyo de todo el equipo, de la Presidenta Comunal y del Vicegobernador Carlos Fascendini, a su candidatura.<\/p>\n\n\n\n<p><\/p>\n<!-- AddThis Advanced Settings generic via filter on the_content --><!-- AddThis Share Buttons generic via filter on the_content -->","protected":false},"excerpt":{"rendered":"<p>El pr\u00f3ximo lunes 15 de abril a las 20:30 hs en las instalaciones del Club Deportivo [&hellip;]<!-- AddThis Advanced Settings generic via filter on get_the_excerpt --><!-- AddThis Share Buttons generic via filter on get_the_excerpt --><\/p>\n","protected":false},"author":13,"featured_media":29046,"comment_status":"open","ping_status":"open","sticky":false,"template":"","format":"standard","meta":{"_seopress_robots_primary_cat":"","_seopress_titles_title":"","_seopress_titles_desc":"","_seopress_robots_index":"","_themeisle_gutenberg_block_has_review":false,"footnotes":""},"categories":[21],"tags":[],"class_list":["post-29045","post","type-post","status-publish","format-standard","has-post-thumbnail","hentry","category-las-colonias"],"_links":{"self":[{"href":"https:\/\/www.almargenweb.com.ar\/web\/wp-json\/wp\/v2\/posts\/29045","targetHints":{"allow":["GET"]}}],"collection":[{"href":"https:\/\/www.almargenweb.com.ar\/web\/wp-json\/wp\/v2\/posts"}],"about":[{"href":"https:\/\/www.almargenweb.com.ar\/web\/wp-json\/wp\/v2\/types\/post"}],"author":[{"embeddable":true,"href":"https:\/\/www.almargenweb.com.ar\/web\/wp-json\/wp\/v2\/users\/13"}],"replies":[{"embeddable":true,"href":"https:\/\/www.almargenweb.com.ar\/web\/wp-json\/wp\/v2\/comments?post=29045"}],"version-history":[{"count":1,"href":"https:\/\/www.almargenweb.com.ar\/web\/wp-json\/wp\/v2\/posts\/29045\/revisions"}],"predecessor-version":[{"id":29047,"href":"https:\/\/www.almargenweb.com.ar\/web\/wp-json\/wp\/v2\/posts\/29045\/revisions\/29047"}],"wp:featuredmedia":[{"embeddable":true,"href":"https:\/\/www.almargenweb.com.ar\/web\/wp-json\/wp\/v2\/media\/29046"}],"wp:attachment":[{"href":"https:\/\/www.almargenweb.com.ar\/web\/wp-json\/wp\/v2\/media?parent=29045"}],"wp:term":[{"taxonomy":"category","embeddable":true,"href":"https:\/\/www.almargenweb.com.ar\/web\/wp-json\/wp\/v2\/categories?post=29045"},{"taxonomy":"post_tag","embeddable":true,"href":"https:\/\/www.almargenweb.com.ar\/web\/wp-json\/wp\/v2\/tags?post=29045"}],"curies":[{"name":"wp","href":"https:\/\/api.w.org\/{rel}","templated":true}]}}