{"id":29011,"date":"2019-04-10T14:35:26","date_gmt":"2019-04-10T17:35:26","guid":{"rendered":"http:\/\/www.almargenweb.com.ar\/web\/?p=29011"},"modified":"2019-04-10T14:35:28","modified_gmt":"2019-04-10T17:35:28","slug":"se-inaugura-el-nuevo-galpon-comunal-en-san-carlos-sud","status":"publish","type":"post","link":"https:\/\/www.almargenweb.com.ar\/web\/se-inaugura-el-nuevo-galpon-comunal-en-san-carlos-sud\/","title":{"rendered":"SE INAUGURA EL NUEVO GALP\u00d3N COMUNAL EN SAN CARLOS SUD"},"content":{"rendered":"\n<p>La Comuna de San Carlos Sud tiene el agrado de invitar a toda la comunidad al acto de inauguraci\u00f3n del nuevo galp\u00f3n comunal.<br>El mismo se llevar\u00e1 a cabo el pr\u00f3ximo S\u00e1bado 13 del corriente a las 18 Hs. en calle Moreno (desv\u00edo de tr\u00e1nsito pesado) entre Independencia y Sargento Cabral.<br>Desde ya quedan todos los vecinos invitados a participar de este acontecimiento.<\/p>\n<!-- AddThis Advanced Settings generic via filter on the_content --><!-- AddThis Share Buttons generic via filter on the_content -->","protected":false},"excerpt":{"rendered":"<p>La Comuna de San Carlos Sud tiene el agrado de invitar a toda la comunidad al [&hellip;]<!-- AddThis Advanced Settings generic via filter on get_the_excerpt --><!-- AddThis Share Buttons generic via filter on get_the_excerpt --><\/p>\n","protected":false},"author":13,"featured_media":29012,"comment_status":"open","ping_status":"open","sticky":false,"template":"","format":"standard","meta":{"_seopress_robots_primary_cat":"","_seopress_titles_title":"","_seopress_titles_desc":"","_seopress_robots_index":"","_themeisle_gutenberg_block_has_review":false,"footnotes":""},"categories":[21],"tags":[],"class_list":["post-29011","post","type-post","status-publish","format-standard","has-post-thumbnail","hentry","category-las-colonias"],"_links":{"self":[{"href":"https:\/\/www.almargenweb.com.ar\/web\/wp-json\/wp\/v2\/posts\/29011","targetHints":{"allow":["GET"]}}],"collection":[{"href":"https:\/\/www.almargenweb.com.ar\/web\/wp-json\/wp\/v2\/posts"}],"about":[{"href":"https:\/\/www.almargenweb.com.ar\/web\/wp-json\/wp\/v2\/types\/post"}],"author":[{"embeddable":true,"href":"https:\/\/www.almargenweb.com.ar\/web\/wp-json\/wp\/v2\/users\/13"}],"replies":[{"embeddable":true,"href":"https:\/\/www.almargenweb.com.ar\/web\/wp-json\/wp\/v2\/comments?post=29011"}],"version-history":[{"count":1,"href":"https:\/\/www.almargenweb.com.ar\/web\/wp-json\/wp\/v2\/posts\/29011\/revisions"}],"predecessor-version":[{"id":29013,"href":"https:\/\/www.almargenweb.com.ar\/web\/wp-json\/wp\/v2\/posts\/29011\/revisions\/29013"}],"wp:featuredmedia":[{"embeddable":true,"href":"https:\/\/www.almargenweb.com.ar\/web\/wp-json\/wp\/v2\/media\/29012"}],"wp:attachment":[{"href":"https:\/\/www.almargenweb.com.ar\/web\/wp-json\/wp\/v2\/media?parent=29011"}],"wp:term":[{"taxonomy":"category","embeddable":true,"href":"https:\/\/www.almargenweb.com.ar\/web\/wp-json\/wp\/v2\/categories?post=29011"},{"taxonomy":"post_tag","embeddable":true,"href":"https:\/\/www.almargenweb.com.ar\/web\/wp-json\/wp\/v2\/tags?post=29011"}],"curies":[{"name":"wp","href":"https:\/\/api.w.org\/{rel}","templated":true}]}}