{"id":29004,"date":"2019-04-10T14:17:57","date_gmt":"2019-04-10T17:17:57","guid":{"rendered":"http:\/\/www.almargenweb.com.ar\/web\/?p=29004"},"modified":"2019-04-10T14:17:58","modified_gmt":"2019-04-10T17:17:58","slug":"importante-inversion-de-la-comuna-de-progreso-para-el-saneamiento-del-basural","status":"publish","type":"post","link":"https:\/\/www.almargenweb.com.ar\/web\/importante-inversion-de-la-comuna-de-progreso-para-el-saneamiento-del-basural\/","title":{"rendered":"Importante inversi\u00f3n de la Comuna de Progreso para el saneamiento del basural"},"content":{"rendered":"\n<p>Con satisfacci\u00f3n, informamos que se est\u00e1 trabajando para sanear el basural de la localidad de Progreso, para lograr, en el menor plazo posible, la clausura definitiva del mismo, conforme lo dispone la Ley Provincial N\u00ba 13.055 de Residuos S\u00f3lidos Domiciliarios y la Ley Nacional N\u00ba 25.916 de \u201cPresupuestos m\u00ednimos de protecci\u00f3n ambiental para la gesti\u00f3n integral de residuos domiciliarios\u201d.<\/p>\n\n\n\n<p>Con una importante inversi\u00f3n de la Comuna local, se est\u00e1 realizando el nivelado del terreno y cubierta con tierra.<\/p>\n\n\n\n<p>Recordamos que, de lunes a viernes, se realiza la RECOLECCI\u00d3N DIFERENCIADA de los residuos, ya que en \u00e9sta localidad SEPARAN LOS RESIDUOS para que puedan ser clasificados en nuestra Planta de Tratamiento de Residuos GIRSU.<\/p>\n\n\n\n<p>Pedimos a los particulares que NO ARROJEN RESIDUOS EN EL BASURAL, recordando que la Comuna retira TODOS los residuos domiciliarios.<\/p>\n\n\n\n<p>Lamentablemente, se encuentran nuevos mont\u00edculos de basura dejados por vecinos. Arrojar residuos en el basural es un delito, en contraposici\u00f3n a las normas vigentes.<\/p>\n<!-- AddThis Advanced Settings generic via filter on the_content --><!-- AddThis Share Buttons generic via filter on the_content -->","protected":false},"excerpt":{"rendered":"<p>Con satisfacci\u00f3n, informamos que se est\u00e1 trabajando para sanear el basural de la localidad de Progreso, [&hellip;]<!-- AddThis Advanced Settings generic via filter on get_the_excerpt --><!-- AddThis Share Buttons generic via filter on get_the_excerpt --><\/p>\n","protected":false},"author":13,"featured_media":29006,"comment_status":"open","ping_status":"open","sticky":false,"template":"","format":"standard","meta":{"_seopress_robots_primary_cat":"","_seopress_titles_title":"","_seopress_titles_desc":"","_seopress_robots_index":"","_themeisle_gutenberg_block_has_review":false,"footnotes":""},"categories":[21,1],"tags":[],"class_list":["post-29004","post","type-post","status-publish","format-standard","has-post-thumbnail","hentry","category-las-colonias","category-sin-categoria"],"_links":{"self":[{"href":"https:\/\/www.almargenweb.com.ar\/web\/wp-json\/wp\/v2\/posts\/29004","targetHints":{"allow":["GET"]}}],"collection":[{"href":"https:\/\/www.almargenweb.com.ar\/web\/wp-json\/wp\/v2\/posts"}],"about":[{"href":"https:\/\/www.almargenweb.com.ar\/web\/wp-json\/wp\/v2\/types\/post"}],"author":[{"embeddable":true,"href":"https:\/\/www.almargenweb.com.ar\/web\/wp-json\/wp\/v2\/users\/13"}],"replies":[{"embeddable":true,"href":"https:\/\/www.almargenweb.com.ar\/web\/wp-json\/wp\/v2\/comments?post=29004"}],"version-history":[{"count":1,"href":"https:\/\/www.almargenweb.com.ar\/web\/wp-json\/wp\/v2\/posts\/29004\/revisions"}],"predecessor-version":[{"id":29005,"href":"https:\/\/www.almargenweb.com.ar\/web\/wp-json\/wp\/v2\/posts\/29004\/revisions\/29005"}],"wp:featuredmedia":[{"embeddable":true,"href":"https:\/\/www.almargenweb.com.ar\/web\/wp-json\/wp\/v2\/media\/29006"}],"wp:attachment":[{"href":"https:\/\/www.almargenweb.com.ar\/web\/wp-json\/wp\/v2\/media?parent=29004"}],"wp:term":[{"taxonomy":"category","embeddable":true,"href":"https:\/\/www.almargenweb.com.ar\/web\/wp-json\/wp\/v2\/categories?post=29004"},{"taxonomy":"post_tag","embeddable":true,"href":"https:\/\/www.almargenweb.com.ar\/web\/wp-json\/wp\/v2\/tags?post=29004"}],"curies":[{"name":"wp","href":"https:\/\/api.w.org\/{rel}","templated":true}]}}