{"id":28997,"date":"2019-04-10T11:32:37","date_gmt":"2019-04-10T14:32:37","guid":{"rendered":"http:\/\/www.almargenweb.com.ar\/web\/?p=28997"},"modified":"2019-04-10T11:32:39","modified_gmt":"2019-04-10T14:32:39","slug":"integrantes-de-la-lista-adelante-se-reunieron-con-la-ministra-erica-hynes","status":"publish","type":"post","link":"https:\/\/www.almargenweb.com.ar\/web\/integrantes-de-la-lista-adelante-se-reunieron-con-la-ministra-erica-hynes\/","title":{"rendered":"INTEGRANTES DE LA LISTA ADELANTE SE REUNIERON CON LA MINISTRA ERICA HYNES"},"content":{"rendered":"\n<p>Rodrigo M\u00fcller: \u201cHay que poner esfuerzo en potenciar la innovaci\u00f3n desde el<\/p>\n\n\n\n<p>Estado Local.\u201d<\/p>\n\n\n\n<p>El precandidato a concejal Rodrigo M\u00fcller, acompa\u00f1ado por los integrantes de la<br>\nLista Adelante del Frente Progresista, Eduardo Carruega y Bel\u00e9n Fabre,<br>\nmantuvo un encuentro con la ministra de Ciencia, Tecnolog\u00eda e Innovaci\u00f3n<br>\nProductiva de la provincia, Dra. Erica Hynes.<br>\nAbordaron las herramientas que deben emplearse para alcanzar una ciudad de<br>\nEsperanza competitiva que vincule al gobierno local y la producci\u00f3n con innovaci\u00f3n<br>\ntecnol\u00f3gica que potencie a todos los sectores.<br>\nPara lograr esos objetivos coincidieron en la articulaci\u00f3n de educaci\u00f3n, producci\u00f3n<br>\ny trabajo decente adem\u00e1s de contar instrumentos financieros que acompa\u00f1en<br>\niniciativas de desarrollo productivo y cient\u00edfico-tecnol\u00f3gico para los<br>\nemprendimientos en el territorio.<br>\n&#8220;Escuchar las necesidades de los sectores de la producci\u00f3n y encontrar juntos los<br>\ncaminos de las soluciones es uno de los ejes de trabajo de la Lista Adelante que<br>\npropone acelerar la constituci\u00f3n del Polo Cient\u00edfico-Tecnol\u00f3gico para avanzar con<br>\nuna plataforma de innovaci\u00f3n para la ciudad&#8221;, afirm\u00f3 el doctor Rodrigo M\u00fcller.<\/p>\n\n\n\n<figure class=\"wp-block-image\"><img loading=\"lazy\" decoding=\"async\" width=\"1024\" height=\"768\" src=\"https:\/\/www.almargenweb.com.ar\/web\/wp-content\/uploads\/2019\/04\/WhatsApp-Image-2019-04-08-at-11.41.13-AM-1-1024x768.jpeg\" alt=\"\" class=\"wp-image-28999\" srcset=\"https:\/\/www.almargenweb.com.ar\/web\/wp-content\/uploads\/2019\/04\/WhatsApp-Image-2019-04-08-at-11.41.13-AM-1-1024x768.jpeg 1024w, https:\/\/www.almargenweb.com.ar\/web\/wp-content\/uploads\/2019\/04\/WhatsApp-Image-2019-04-08-at-11.41.13-AM-1-300x225.jpeg 300w, https:\/\/www.almargenweb.com.ar\/web\/wp-content\/uploads\/2019\/04\/WhatsApp-Image-2019-04-08-at-11.41.13-AM-1-768x576.jpeg 768w, https:\/\/www.almargenweb.com.ar\/web\/wp-content\/uploads\/2019\/04\/WhatsApp-Image-2019-04-08-at-11.41.13-AM-1.jpeg 1200w\" sizes=\"auto, (max-width: 1024px) 100vw, 1024px\" \/><\/figure>\n<!-- AddThis Advanced Settings generic via filter on the_content --><!-- AddThis Share Buttons generic via filter on the_content -->","protected":false},"excerpt":{"rendered":"<p>Rodrigo M\u00fcller: \u201cHay que poner esfuerzo en potenciar la innovaci\u00f3n desde el Estado Local.\u201d El precandidato [&hellip;]<!-- AddThis Advanced Settings generic via filter on get_the_excerpt --><!-- AddThis Share Buttons generic via filter on get_the_excerpt --><\/p>\n","protected":false},"author":13,"featured_media":28998,"comment_status":"open","ping_status":"open","sticky":false,"template":"","format":"standard","meta":{"_seopress_robots_primary_cat":"","_seopress_titles_title":"","_seopress_titles_desc":"","_seopress_robots_index":"","_themeisle_gutenberg_block_has_review":false,"footnotes":""},"categories":[47],"tags":[],"class_list":["post-28997","post","type-post","status-publish","format-standard","has-post-thumbnail","hentry","category-locales"],"_links":{"self":[{"href":"https:\/\/www.almargenweb.com.ar\/web\/wp-json\/wp\/v2\/posts\/28997","targetHints":{"allow":["GET"]}}],"collection":[{"href":"https:\/\/www.almargenweb.com.ar\/web\/wp-json\/wp\/v2\/posts"}],"about":[{"href":"https:\/\/www.almargenweb.com.ar\/web\/wp-json\/wp\/v2\/types\/post"}],"author":[{"embeddable":true,"href":"https:\/\/www.almargenweb.com.ar\/web\/wp-json\/wp\/v2\/users\/13"}],"replies":[{"embeddable":true,"href":"https:\/\/www.almargenweb.com.ar\/web\/wp-json\/wp\/v2\/comments?post=28997"}],"version-history":[{"count":1,"href":"https:\/\/www.almargenweb.com.ar\/web\/wp-json\/wp\/v2\/posts\/28997\/revisions"}],"predecessor-version":[{"id":29000,"href":"https:\/\/www.almargenweb.com.ar\/web\/wp-json\/wp\/v2\/posts\/28997\/revisions\/29000"}],"wp:featuredmedia":[{"embeddable":true,"href":"https:\/\/www.almargenweb.com.ar\/web\/wp-json\/wp\/v2\/media\/28998"}],"wp:attachment":[{"href":"https:\/\/www.almargenweb.com.ar\/web\/wp-json\/wp\/v2\/media?parent=28997"}],"wp:term":[{"taxonomy":"category","embeddable":true,"href":"https:\/\/www.almargenweb.com.ar\/web\/wp-json\/wp\/v2\/categories?post=28997"},{"taxonomy":"post_tag","embeddable":true,"href":"https:\/\/www.almargenweb.com.ar\/web\/wp-json\/wp\/v2\/tags?post=28997"}],"curies":[{"name":"wp","href":"https:\/\/api.w.org\/{rel}","templated":true}]}}