{"id":28954,"date":"2019-04-04T10:38:15","date_gmt":"2019-04-04T13:38:15","guid":{"rendered":"http:\/\/www.almargenweb.com.ar\/web\/?p=28954"},"modified":"2019-04-04T10:38:16","modified_gmt":"2019-04-04T13:38:16","slug":"fascendini-inauguro-viviendas-y-entrego-anticipos-financieros-del-programa-lote-propio","status":"publish","type":"post","link":"https:\/\/www.almargenweb.com.ar\/web\/fascendini-inauguro-viviendas-y-entrego-anticipos-financieros-del-programa-lote-propio\/","title":{"rendered":"FASCENDINI INAUGUR\u00d3 VIVIENDAS Y ENTREG\u00d3 ANTICIPOS FINANCIEROS DEL PROGRAMA &#8220;LOTE PROPIO&#8221;"},"content":{"rendered":"\n<p>El vicegobernador de la provincia, Carlos Fascendini, acompa\u00f1ado por el director provincial de Vivienda y Urbanismo, Lucas Crivelli, despleg\u00f3 una intensa agenda de trabajo con la presencia en siete localidades del Departamento Las Colonias para entregar 15 viviendas y 23 anticipos financieros en Esperanza, Elisa, Jacinto Ar\u00e1uz, La Pelada, Progreso, Culul\u00fa y Las Tunas.<\/p>\n\n\n\n<p>En Esperanza, en la sede de la Asociaci\u00f3n para el Desarrollo de Las Colonias, se entregaron ocho anticipos financieros sobre un total previsto de 25 viviendas a construir con el Programa Provincial &#8220;Lote Propio&#8221;<\/p>\n\n\n\n<p>En Elisa, se inauguraron tres viviendas que se suman a ocho en proceso de construcci\u00f3n y anunciaron que est\u00e1n iniciadas gestiones para concretar cuatro unidades habitacionales m\u00e1s.<\/p>\n\n\n\n<p>&#8220;Siempre la entrega de viviendas es un acto muy reconfortante, poder decir ac\u00e1 est\u00e1 la vivienda, el resultado del esfuerzo compartido de la Provincia, la Comuna y el adjudicatario para solucionar una necesidad habitacional que constituye y arraiga la familia y en definitiva aporta al crecimiento y desarrollo de las localidades&#8221;, expres\u00f3 Fascendini.<\/p>\n\n\n\n<p>&#8220;Este es el compromiso que asumimos con el gobernador Lifschitz y a nueve meses de concluir nuestra gesti\u00f3n tenemos la satisfacci\u00f3n de decir que hemos cumplido. Hace poco estuvimos ac\u00e1 en Elisa en la inauguraci\u00f3n de la repavimentaci\u00f3n de la Ruta 4&nbsp; que se suma a m\u00e1s de 3.300 kil\u00f3metros de rutas recuperadas en la provincia de Santa Fe&#8221;<\/p>\n\n\n\n<p>&#8220;En esta etapa de gobierno, precedidos por los gobernadores Binner y Bonfatti, la provincia de Santa Fe es ejemplo en el pa\u00eds con sus logros en salud, educaci\u00f3n, viviendas, acueductos, energ\u00edas renovables y ahora el gasoducto de la costa que recibi\u00f3 aprobaci\u00f3n del ente nacional y lo construir\u00e1 Enerfe, la empresa de energ\u00eda de Santa Fe.<br>De esto se trata el desarrollo equilibrado del territorio que surgi\u00f3 de un Plan Estrat\u00e9gico en el que particip\u00f3 toda la ciudadan\u00eda en una provincia con gran fortaleza institucional y donde no hay grietas. Por eso siempre valoro el acompa\u00f1amiento de los legisladores de la oposici\u00f3n en la aprobaci\u00f3n de presupuestos, en los pedidos de endeudamiento y en el respaldo de las iniciativas que benefician al conjunto de la ciudadan\u00eda&#8221;<\/p>\n\n\n\n<p>&#8220;En materia de viviendas la Provincia construye en 286 localidades, cerca del 80% del total de comunas y municipios, lo que demuestra el esfuerzo compartido y la decisi\u00f3n pol\u00edtica de llegar a cada rinc\u00f3n del territorio con la presencia del Estado, como debe ser, sin distinciones&#8221;<\/p>\n\n\n\n<p>En Jacinto Ar\u00e1uz se entreg\u00f3 una vivienda y rubricaron con la Comuna&nbsp; convenios para construir cuatro nuevas unidades habitacionales.<\/p>\n\n\n\n<p>En La Pelada se entregaron cuatro casas y anticipos financieros para iniciar dos nuevas&nbsp; viviendas. En Progreso dos familias recibieron los anticipos financieros para iniciar las construcciones. En Culul\u00fa se entregaron dos viviendas.<\/p>\n\n\n\n<p>Finalmente, en Las Tunas se inauguraron cinco viviendas y suscribieron convenios para concretar cinco unidades m\u00e1s.<\/p>\n\n\n\n<p>En sus alocuciones durante los actos, el vicegobernador Fascendini puso de relieve la eficiente labor de los equipos de la Secretar\u00eda de Estado de H\u00e1bitat y la Direcci\u00f3n Provincial de Vivienda y Urbanismo que supieron perfeccionar el sistema y agilizarlo afrontando las amenazas de la inflaci\u00f3n que no controla el gobierno nacional y tanto afecta los proyectos de obra p\u00fablica.<\/p>\n\n\n\n<p>&#8220;Todo esto es lo que debemos defender los santafesinos, el modelo Santa Fe de construcci\u00f3n de consensos que permiten su desarrollo y crecimiento. As\u00ed lo concebimos desde el primer d\u00eda quienes con el Frente Progresista logramos la transformaci\u00f3n de la provincia con equidad territorial y obras que sostienen con infraestructura adecuada la potencialidad de los sectores productivos que mantienen y generan empleo&#8221;<\/p>\n\n\n\n<p><\/p>\n<!-- AddThis Advanced Settings generic via filter on the_content --><!-- AddThis Share Buttons generic via filter on the_content -->","protected":false},"excerpt":{"rendered":"<p>El vicegobernador de la provincia, Carlos Fascendini, acompa\u00f1ado por el director provincial de Vivienda y Urbanismo, [&hellip;]<!-- AddThis Advanced Settings generic via filter on get_the_excerpt --><!-- AddThis Share Buttons generic via filter on get_the_excerpt --><\/p>\n","protected":false},"author":13,"featured_media":28955,"comment_status":"open","ping_status":"open","sticky":false,"template":"","format":"standard","meta":{"_seopress_robots_primary_cat":"","_seopress_titles_title":"","_seopress_titles_desc":"","_seopress_robots_index":"","_themeisle_gutenberg_block_has_review":false,"footnotes":""},"categories":[21],"tags":[],"class_list":["post-28954","post","type-post","status-publish","format-standard","has-post-thumbnail","hentry","category-las-colonias"],"_links":{"self":[{"href":"https:\/\/www.almargenweb.com.ar\/web\/wp-json\/wp\/v2\/posts\/28954","targetHints":{"allow":["GET"]}}],"collection":[{"href":"https:\/\/www.almargenweb.com.ar\/web\/wp-json\/wp\/v2\/posts"}],"about":[{"href":"https:\/\/www.almargenweb.com.ar\/web\/wp-json\/wp\/v2\/types\/post"}],"author":[{"embeddable":true,"href":"https:\/\/www.almargenweb.com.ar\/web\/wp-json\/wp\/v2\/users\/13"}],"replies":[{"embeddable":true,"href":"https:\/\/www.almargenweb.com.ar\/web\/wp-json\/wp\/v2\/comments?post=28954"}],"version-history":[{"count":1,"href":"https:\/\/www.almargenweb.com.ar\/web\/wp-json\/wp\/v2\/posts\/28954\/revisions"}],"predecessor-version":[{"id":28956,"href":"https:\/\/www.almargenweb.com.ar\/web\/wp-json\/wp\/v2\/posts\/28954\/revisions\/28956"}],"wp:featuredmedia":[{"embeddable":true,"href":"https:\/\/www.almargenweb.com.ar\/web\/wp-json\/wp\/v2\/media\/28955"}],"wp:attachment":[{"href":"https:\/\/www.almargenweb.com.ar\/web\/wp-json\/wp\/v2\/media?parent=28954"}],"wp:term":[{"taxonomy":"category","embeddable":true,"href":"https:\/\/www.almargenweb.com.ar\/web\/wp-json\/wp\/v2\/categories?post=28954"},{"taxonomy":"post_tag","embeddable":true,"href":"https:\/\/www.almargenweb.com.ar\/web\/wp-json\/wp\/v2\/tags?post=28954"}],"curies":[{"name":"wp","href":"https:\/\/api.w.org\/{rel}","templated":true}]}}